{"id":206293,"date":"2026-01-14T11:35:53","date_gmt":"2026-01-14T17:35:53","guid":{"rendered":"https:\/\/nvnoticias.mx\/?p=206293"},"modified":"2026-01-14T11:35:58","modified_gmt":"2026-01-14T17:35:58","slug":"madre-denuncia-abandono-oficial-a-15-anos-de-la-desaparicion-de-su-hija","status":"publish","type":"post","link":"https:\/\/nvnoticias.mx\/index.php\/2026\/01\/14\/madre-denuncia-abandono-oficial-a-15-anos-de-la-desaparicion-de-su-hija\/","title":{"rendered":"Madre denuncia abandono oficial a 15 a\u00f1os de la desaparici\u00f3n de su hija"},"content":{"rendered":"\n<p><strong>Sam Ojeda\u00a0| NV Noticias<\/strong> <\/p>\n\n\n\n<p>Xalapa.- A quince a\u00f1os de la desaparici\u00f3n de Marion Ivette Sampayo Salazar, Olga Lydia Salazar Hern\u00e1ndez, su madre, integrante de los colectivos Unidas por Amor a Nuestros Desaparecidos y Buscando Nos Encontramos C\u00f3rdoba, acus\u00f3 que las autoridades han dejado el caso en el abandono y que no existe ning\u00fan avance real en la investigaci\u00f3n ni en las labores de b\u00fasqueda.<\/p>\n\n\n\n<p>La madre afirm\u00f3 que, pese al tiempo transcurrido, no hay resultados ni informaci\u00f3n sobre el paradero de su hija.<\/p>\n\n\n\n<blockquote class=\"wp-block-quote is-layout-flow wp-block-quote-is-layout-flow\">\n<p>\u201cLas investigaciones no nos han llevado a ning\u00fan lado y hasta el d\u00eda de hoy nadie ha dado con el paradero de mi hija\u201d.<\/p>\n<\/blockquote>\n\n\n\n<p>Se\u00f1al\u00f3 que las fiscal\u00edas no han cumplido con su responsabilidad y que el problema ha sido relegado frente a otros intereses.<\/p>\n\n\n\n<blockquote class=\"wp-block-quote is-layout-flow wp-block-quote-is-layout-flow\">\n<p>\u201cLas fiscal\u00edas no han hecho su trabajo como deben hacerlo y no han tomado en serio su papel en las investigaciones\u201d.<\/p>\n<\/blockquote>\n\n\n\n<p>Salazar Hern\u00e1ndez expuso que el desgaste f\u00edsico y emocional entre las madres buscadoras es cada vez mayor, mientras la crisis de desapariciones sigue creciendo.<\/p>\n\n\n\n<blockquote class=\"wp-block-quote is-layout-flow wp-block-quote-is-layout-flow\">\n<p>\u201cEste largo camino que hemos andado nos est\u00e1 pasando la factura\u201d.<\/p>\n<\/blockquote>\n\n\n\n<blockquote class=\"wp-block-quote is-layout-flow wp-block-quote-is-layout-flow\">\n<p>\u201cTodo se trata de ocultar y maquillar, cuando sabemos que esto va a m\u00e1s d\u00eda con d\u00eda\u201d.<\/p>\n<\/blockquote>\n","protected":false},"excerpt":{"rendered":"<p>Imagen ilustrativa<\/p>\n","protected":false},"author":35,"featured_media":92068,"comment_status":"open","ping_status":"open","sticky":false,"template":"","format":"standard","meta":{"_monsterinsights_skip_tracking":false,"_monsterinsights_sitenote_active":false,"_monsterinsights_sitenote_note":"","_monsterinsights_sitenote_category":0,"footnotes":""},"categories":[156],"tags":[206,4101,6154],"class_list":["post-206293","post","type-post","status-publish","format-standard","has-post-thumbnail","hentry","category-estado","tag-denuncia","tag-desaparicion","tag-madre","wp-image-borders"],"amp_enabled":true,"_links":{"self":[{"href":"https:\/\/nvnoticias.mx\/index.php\/wp-json\/wp\/v2\/posts\/206293","targetHints":{"allow":["GET"]}}],"collection":[{"href":"https:\/\/nvnoticias.mx\/index.php\/wp-json\/wp\/v2\/posts"}],"about":[{"href":"https:\/\/nvnoticias.mx\/index.php\/wp-json\/wp\/v2\/types\/post"}],"author":[{"embeddable":true,"href":"https:\/\/nvnoticias.mx\/index.php\/wp-json\/wp\/v2\/users\/35"}],"replies":[{"embeddable":true,"href":"https:\/\/nvnoticias.mx\/index.php\/wp-json\/wp\/v2\/comments?post=206293"}],"version-history":[{"count":1,"href":"https:\/\/nvnoticias.mx\/index.php\/wp-json\/wp\/v2\/posts\/206293\/revisions"}],"predecessor-version":[{"id":206294,"href":"https:\/\/nvnoticias.mx\/index.php\/wp-json\/wp\/v2\/posts\/206293\/revisions\/206294"}],"wp:featuredmedia":[{"embeddable":true,"href":"https:\/\/nvnoticias.mx\/index.php\/wp-json\/wp\/v2\/media\/92068"}],"wp:attachment":[{"href":"https:\/\/nvnoticias.mx\/index.php\/wp-json\/wp\/v2\/media?parent=206293"}],"wp:term":[{"taxonomy":"category","embeddable":true,"href":"https:\/\/nvnoticias.mx\/index.php\/wp-json\/wp\/v2\/categories?post=206293"},{"taxonomy":"post_tag","embeddable":true,"href":"https:\/\/nvnoticias.mx\/index.php\/wp-json\/wp\/v2\/tags?post=206293"}],"curies":[{"name":"wp","href":"https:\/\/api.w.org\/{rel}","templated":true}]}}