{"id":206292,"date":"2026-01-14T13:30:37","date_gmt":"2026-01-14T19:30:37","guid":{"rendered":"https:\/\/nvnoticias.mx\/?p=206292"},"modified":"2026-01-14T13:30:41","modified_gmt":"2026-01-14T19:30:41","slug":"conferencia-de-sheinbaum-de-manana-jueves-sera-en-cdmx-y-no-en-queretaro","status":"publish","type":"post","link":"https:\/\/nvnoticias.mx\/index.php\/2026\/01\/14\/conferencia-de-sheinbaum-de-manana-jueves-sera-en-cdmx-y-no-en-queretaro\/","title":{"rendered":"Conferencia de Sheinbaum de ma\u00f1ana jueves ser\u00e1 en CDMX y no en Quer\u00e9taro"},"content":{"rendered":"\n<p>La presidenta Claudia Sheinbaum Pardo inform\u00f3 que se cancel\u00f3 su conferencia de prensa de este jueves en Quer\u00e9taro. Se mantiene la del viernes en Ecatepec, Estado de M\u00e9xico.<\/p>\n\n\n\n<p>Desde ayer anticip\u00f3 cambios en su agenda, porque gobernadores fueron a la Feria Internacional de Turismo, en Espa\u00f1a, donde M\u00e9xico es pa\u00eds invitado.<\/p>\n\n\n\n<p>Dijo entonces que algunos mandatarios tomaron la decisi\u00f3n de asistir \u201cpara hacer algunas promociones\u201d.<\/p>\n\n\n\n<p>Hoy, inform\u00f3: \u201cma\u00f1ana nos vemos aqu\u00ed, hubo distintos problemas que no nos permitieron ir a los estados, repito por el tema del turismo, principalmente. El viernes vamos al estado de M\u00e9xico y regresamos el lunes ac\u00e1\u201d.<\/p>\n\n\n\n<p>Fuente: La <a href=\"https:\/\/www.jornada.com.mx\/noticia\/2026\/01\/14\/politica\/conferencia-de-sheinbaum-de-manana-jueves-sera-en-cdmx-y-no-en-queretaro\">Jornada<\/a> <\/p>\n","protected":false},"excerpt":{"rendered":"<p>La presidenta Claudia Sheinbaum Pardo inform\u00f3 que se cancel\u00f3 su conferencia de prensa de este jueves en Quer\u00e9taro. Se mantiene la del viernes en Ecatepec, Estado de M\u00e9xico. Desde ayer anticip\u00f3 cambios en su agenda, porque gobernadores fueron a la Feria Internacional de Turismo, en Espa\u00f1a, donde M\u00e9xico es pa\u00eds invitado. Dijo entonces que algunos [&hellip;]<\/p>\n","protected":false},"author":35,"featured_media":206324,"comment_status":"open","ping_status":"open","sticky":false,"template":"","format":"standard","meta":{"_monsterinsights_skip_tracking":false,"_monsterinsights_sitenote_active":false,"_monsterinsights_sitenote_note":"","_monsterinsights_sitenote_category":0,"footnotes":""},"categories":[157],"tags":[2801,5840],"class_list":["post-206292","post","type-post","status-publish","format-standard","has-post-thumbnail","hentry","category-nacional","tag-claudia-sheinbaum","tag-conferencia","wp-image-borders"],"amp_enabled":true,"_links":{"self":[{"href":"https:\/\/nvnoticias.mx\/index.php\/wp-json\/wp\/v2\/posts\/206292","targetHints":{"allow":["GET"]}}],"collection":[{"href":"https:\/\/nvnoticias.mx\/index.php\/wp-json\/wp\/v2\/posts"}],"about":[{"href":"https:\/\/nvnoticias.mx\/index.php\/wp-json\/wp\/v2\/types\/post"}],"author":[{"embeddable":true,"href":"https:\/\/nvnoticias.mx\/index.php\/wp-json\/wp\/v2\/users\/35"}],"replies":[{"embeddable":true,"href":"https:\/\/nvnoticias.mx\/index.php\/wp-json\/wp\/v2\/comments?post=206292"}],"version-history":[{"count":3,"href":"https:\/\/nvnoticias.mx\/index.php\/wp-json\/wp\/v2\/posts\/206292\/revisions"}],"predecessor-version":[{"id":206325,"href":"https:\/\/nvnoticias.mx\/index.php\/wp-json\/wp\/v2\/posts\/206292\/revisions\/206325"}],"wp:featuredmedia":[{"embeddable":true,"href":"https:\/\/nvnoticias.mx\/index.php\/wp-json\/wp\/v2\/media\/206324"}],"wp:attachment":[{"href":"https:\/\/nvnoticias.mx\/index.php\/wp-json\/wp\/v2\/media?parent=206292"}],"wp:term":[{"taxonomy":"category","embeddable":true,"href":"https:\/\/nvnoticias.mx\/index.php\/wp-json\/wp\/v2\/categories?post=206292"},{"taxonomy":"post_tag","embeddable":true,"href":"https:\/\/nvnoticias.mx\/index.php\/wp-json\/wp\/v2\/tags?post=206292"}],"curies":[{"name":"wp","href":"https:\/\/api.w.org\/{rel}","templated":true}]}}