{"id":206268,"date":"2026-01-13T15:19:29","date_gmt":"2026-01-13T21:19:29","guid":{"rendered":"https:\/\/nvnoticias.mx\/?p=206268"},"modified":"2026-01-13T15:19:33","modified_gmt":"2026-01-13T21:19:33","slug":"municipalizacion-de-bruno-pagliai-permitira-reactivara-la-actividad-economica","status":"publish","type":"post","link":"https:\/\/nvnoticias.mx\/index.php\/2026\/01\/13\/municipalizacion-de-bruno-pagliai-permitira-reactivara-la-actividad-economica\/","title":{"rendered":"Municipalizaci\u00f3n de Bruno Pagliai permitir\u00e1 reactivar\u00e1 la actividad econ\u00f3mica"},"content":{"rendered":"\n<p><\/p>\n\n\n\n<p><strong>Jes\u00fas Utrilla \/ NV Noticias <\/strong><\/p>\n\n\n\n<p>La municipalizaci\u00f3n de Ciudad Industrial Bruno Pagliai permitir\u00e1 reactivar la actividad econ\u00f3mica, fortalecer la infraestructura y mejorar las condiciones de operaci\u00f3n de las empresas asentadas en esta zona, se\u00f1al\u00f3<\/p>\n\n\n\n<p>Adri\u00e1n Maynes Garc\u00eda, presidente de la Confederaci\u00f3n Patronal de la Rep\u00fablica Mexicana (Coparmex) en Veracruz. La expectativa en torno a la municipalizaci\u00f3n de Ciudad Industrial es alta, ya que permitir\u00e1 atender rezagos importantes en vialidad, servicios e infraestructura, adem\u00e1s de garantizar que los recursos generados en la zona se reinviertan para su propio desarrollo. Record\u00f3 que Coparmex impuls\u00f3 este proceso desde hace varios a\u00f1os a trav\u00e9s de su comisi\u00f3n del \u00e1rea industrial.<\/p>\n\n\n\n<p>\u201cLa ciudad industrial Bruno Pagliai viv\u00eda condiciones muy complicadas, la vialidad est\u00e1 comprometida y hay muchos temas pendientes. Por eso creemos que la municipalizaci\u00f3n es un paso fundamental que siempre hemos impulsado. Desde Coparmex, con nuestra comisi\u00f3n del \u00e1rea industrial, hemos trabajado por m\u00e1s de ocho a\u00f1os para que los fondos que se generan ah\u00ed representen realmente la posibilidad de seguir creciendo y mejorando las instalaciones\u201d.<\/p>\n\n\n\n<p>Aunque que el primer trimestre del a\u00f1o ser\u00e1 complejo confi\u00f3 en que la iniciativa privada mantendr\u00e1 su dinamismo para sostener la generaci\u00f3n de empleos formales y bien remunerados. Maynes Garc\u00eda dijo que la vocaci\u00f3n log\u00edstica de la regi\u00f3n, junto con otros polos como el parque industrial de Santa Fe, ofrece condiciones favorables para atraer nuevas inversiones, por lo que consider\u00f3 indispensable conservar, mantener y hacer crecer estas zonas productivas.<\/p>\n\n\n\n<p>\u201cEn temas econ\u00f3micos siempre el inicio de a\u00f1o representa un reto y en este caso no es diferente. Las condiciones de crecimiento econ\u00f3mico que se han venido acumulando han sido un poco limitantes, pero desde los empresarios esperamos seguir generando actividad y din\u00e1mica para ayudar a que nuestras empresas afiliadas vayan creciendo y con ellas todo nuestro equipo de trabajo, porque es muy importante que se sigan teniendo empleos dignos y bien remunerados\u201d.<\/p>\n\n\n\n<p>Confi\u00f3 en que las nuevas administraciones municipales acompa\u00f1en este proceso y den continuidad al trabajo previo, a fin de sostener el desarrollo de los municipios conurbados de Veracruz y Boca del R\u00edo.<\/p>\n","protected":false},"excerpt":{"rendered":"<p>Jes\u00fas Utrilla \/ NV Noticias La municipalizaci\u00f3n de Ciudad Industrial Bruno Pagliai permitir\u00e1 reactivar la actividad econ\u00f3mica, fortalecer la infraestructura y mejorar las condiciones de operaci\u00f3n de las empresas asentadas en esta zona, se\u00f1al\u00f3 Adri\u00e1n Maynes Garc\u00eda, presidente de la Confederaci\u00f3n Patronal de la Rep\u00fablica Mexicana (Coparmex) en Veracruz. La expectativa en torno a la [&hellip;]<\/p>\n","protected":false},"author":8,"featured_media":204316,"comment_status":"open","ping_status":"open","sticky":false,"template":"","format":"standard","meta":{"_monsterinsights_skip_tracking":false,"_monsterinsights_sitenote_active":false,"_monsterinsights_sitenote_note":"","_monsterinsights_sitenote_category":0,"footnotes":""},"categories":[154],"tags":[5033,2677],"class_list":["post-206268","post","type-post","status-publish","format-standard","has-post-thumbnail","hentry","category-veracruz","tag-bruno-pagliai","tag-municipalizacion","wp-image-borders"],"amp_enabled":true,"_links":{"self":[{"href":"https:\/\/nvnoticias.mx\/index.php\/wp-json\/wp\/v2\/posts\/206268","targetHints":{"allow":["GET"]}}],"collection":[{"href":"https:\/\/nvnoticias.mx\/index.php\/wp-json\/wp\/v2\/posts"}],"about":[{"href":"https:\/\/nvnoticias.mx\/index.php\/wp-json\/wp\/v2\/types\/post"}],"author":[{"embeddable":true,"href":"https:\/\/nvnoticias.mx\/index.php\/wp-json\/wp\/v2\/users\/8"}],"replies":[{"embeddable":true,"href":"https:\/\/nvnoticias.mx\/index.php\/wp-json\/wp\/v2\/comments?post=206268"}],"version-history":[{"count":1,"href":"https:\/\/nvnoticias.mx\/index.php\/wp-json\/wp\/v2\/posts\/206268\/revisions"}],"predecessor-version":[{"id":206269,"href":"https:\/\/nvnoticias.mx\/index.php\/wp-json\/wp\/v2\/posts\/206268\/revisions\/206269"}],"wp:featuredmedia":[{"embeddable":true,"href":"https:\/\/nvnoticias.mx\/index.php\/wp-json\/wp\/v2\/media\/204316"}],"wp:attachment":[{"href":"https:\/\/nvnoticias.mx\/index.php\/wp-json\/wp\/v2\/media?parent=206268"}],"wp:term":[{"taxonomy":"category","embeddable":true,"href":"https:\/\/nvnoticias.mx\/index.php\/wp-json\/wp\/v2\/categories?post=206268"},{"taxonomy":"post_tag","embeddable":true,"href":"https:\/\/nvnoticias.mx\/index.php\/wp-json\/wp\/v2\/tags?post=206268"}],"curies":[{"name":"wp","href":"https:\/\/api.w.org\/{rel}","templated":true}]}}