{"id":206120,"date":"2026-01-12T13:38:49","date_gmt":"2026-01-12T19:38:49","guid":{"rendered":"https:\/\/nvnoticias.mx\/?p=206120"},"modified":"2026-01-12T13:39:39","modified_gmt":"2026-01-12T19:39:39","slug":"mexico-se-coordina-con-estados-unidos-pero-no-se-subordina","status":"publish","type":"post","link":"https:\/\/nvnoticias.mx\/index.php\/2026\/01\/12\/mexico-se-coordina-con-estados-unidos-pero-no-se-subordina\/","title":{"rendered":"M\u00e9xico se coordina con Estados Unidos pero no se subordina"},"content":{"rendered":"\n<p><\/p>\n\n\n\n<p><strong>Jes\u00fas Utrilla \/ NV Noticias <\/strong><\/p>\n\n\n\n<p>El di\u00e1logo entre M\u00e9xico y Estados Unidos debe mantenerse bajo un esquema de cooperaci\u00f3n y respeto mutuo, sin aceptar presiones ni decisiones unilaterales, aun en escenarios de tensi\u00f3n por temas de seguridad, se\u00f1al\u00f3 la presidenta de la Mesa Directiva del Senado de la Rep\u00fablica, Laura Itzel Castillo.<\/p>\n\n\n\n<p>Consider\u00f3 positiva la llamada sostenida entre ambos jefes de Estado, al se\u00f1alar que permite atender temas sensibles como el combate al narcotr\u00e1fico, el tr\u00e1fico de armas y la seguridad regional, siempre dentro de los m\u00e1rgenes que marca la soberan\u00eda nacional.<\/p>\n\n\n\n<p>\u201cCelebramos que se haya llevado a cabo esta llamada entre la Presidenta de la Rep\u00fablica, la doctora Claudia Sheinbaum Pardo, y el Presidente de los Estados Unidos de Am\u00e9rica, Donald Trump, y que haya sido en buenos t\u00e9rminos\u201d.<\/p>\n\n\n\n<p>La legisladora reconoci\u00f3 que las declaraciones del presidente estadounidense sobre posibles acciones directas contra c\u00e1rteles mexicanos generaron inquietud en la opini\u00f3n p\u00fablica; sin embargo, recalc\u00f3 que la postura del Estado mexicano es firme en cuanto a no permitir intervenciones que vulneren el marco constitucional.<\/p>\n\n\n\n<p>Dijo que el Senado respalda al Ejecutivo federal en la conducci\u00f3n de la pol\u00edtica exterior y en la estrategia de seguridad, al considerar que la coordinaci\u00f3n internacional es necesaria para enfrentar problem\u00e1ticas compartidas, pero sin comprometer la independencia del pa\u00eds ni sus decisiones internas.<\/p>\n\n\n\n<p>Coment\u00f3 que este tipo de comunicaciones env\u00edan un mensaje de certidumbre tanto a la ciudadan\u00eda como a la comunidad internacional, al dejar claro que M\u00e9xico seguir\u00e1 apostando por el entendimiento y el trabajo conjunto, con respeto pleno a su soberan\u00eda y a su marco legal.<\/p>\n","protected":false},"excerpt":{"rendered":"<p>Jes\u00fas Utrilla \/ NV Noticias El di\u00e1logo entre M\u00e9xico y Estados Unidos debe mantenerse bajo un esquema de cooperaci\u00f3n y respeto mutuo, sin aceptar presiones ni decisiones unilaterales, aun en escenarios de tensi\u00f3n por temas de seguridad, se\u00f1al\u00f3 la presidenta de la Mesa Directiva del Senado de la Rep\u00fablica, Laura Itzel Castillo. Consider\u00f3 positiva la [&hellip;]<\/p>\n","protected":false},"author":8,"featured_media":206128,"comment_status":"open","ping_status":"open","sticky":false,"template":"","format":"standard","meta":{"_monsterinsights_skip_tracking":false,"_monsterinsights_sitenote_active":false,"_monsterinsights_sitenote_note":"","_monsterinsights_sitenote_category":0,"footnotes":""},"categories":[154],"tags":[2947,183,292,162,32897],"class_list":["post-206120","post","type-post","status-publish","format-standard","has-post-thumbnail","hentry","category-veracruz","tag-coordinacion","tag-estados-unidos","tag-mexico","tag-portada","tag-subordinacion","wp-image-borders"],"amp_enabled":true,"_links":{"self":[{"href":"https:\/\/nvnoticias.mx\/index.php\/wp-json\/wp\/v2\/posts\/206120","targetHints":{"allow":["GET"]}}],"collection":[{"href":"https:\/\/nvnoticias.mx\/index.php\/wp-json\/wp\/v2\/posts"}],"about":[{"href":"https:\/\/nvnoticias.mx\/index.php\/wp-json\/wp\/v2\/types\/post"}],"author":[{"embeddable":true,"href":"https:\/\/nvnoticias.mx\/index.php\/wp-json\/wp\/v2\/users\/8"}],"replies":[{"embeddable":true,"href":"https:\/\/nvnoticias.mx\/index.php\/wp-json\/wp\/v2\/comments?post=206120"}],"version-history":[{"count":1,"href":"https:\/\/nvnoticias.mx\/index.php\/wp-json\/wp\/v2\/posts\/206120\/revisions"}],"predecessor-version":[{"id":206129,"href":"https:\/\/nvnoticias.mx\/index.php\/wp-json\/wp\/v2\/posts\/206120\/revisions\/206129"}],"wp:featuredmedia":[{"embeddable":true,"href":"https:\/\/nvnoticias.mx\/index.php\/wp-json\/wp\/v2\/media\/206128"}],"wp:attachment":[{"href":"https:\/\/nvnoticias.mx\/index.php\/wp-json\/wp\/v2\/media?parent=206120"}],"wp:term":[{"taxonomy":"category","embeddable":true,"href":"https:\/\/nvnoticias.mx\/index.php\/wp-json\/wp\/v2\/categories?post=206120"},{"taxonomy":"post_tag","embeddable":true,"href":"https:\/\/nvnoticias.mx\/index.php\/wp-json\/wp\/v2\/tags?post=206120"}],"curies":[{"name":"wp","href":"https:\/\/api.w.org\/{rel}","templated":true}]}}