{"id":206093,"date":"2026-01-12T13:07:36","date_gmt":"2026-01-12T19:07:36","guid":{"rendered":"https:\/\/nvnoticias.mx\/?p=206093"},"modified":"2026-01-12T13:07:40","modified_gmt":"2026-01-12T19:07:40","slug":"sheinbaum-abandera-a-delegacion-mexicana-que-participara-en-juegos-olimpicos-de-invierno","status":"publish","type":"post","link":"https:\/\/nvnoticias.mx\/index.php\/2026\/01\/12\/sheinbaum-abandera-a-delegacion-mexicana-que-participara-en-juegos-olimpicos-de-invierno\/","title":{"rendered":"Sheinbaum abandera a delegaci\u00f3n mexicana que participar\u00e1 en Juegos Ol\u00edmpicos de Invierno"},"content":{"rendered":"\n<p>Por primera ocasi\u00f3n desde que M\u00e9xico participa en los Juegos Ol\u00edmpicos de Invierno, la delegaci\u00f3n nacional fue abanderada por un representante del Ejecutivo federal.<\/p>\n\n\n\n<p>Esta ma\u00f1ana, la presidenta Claudia Sheinbaum Pardo confiri\u00f3 el honor de portar el l\u00e1baro patrio a los cuatro representantes mexicanos que participar\u00e1n en los 25 Juegos Ol\u00edmpicos de Invierno Milano-Cortina, que se celebrar\u00e1n del 6 al 22 de febrero en las ciudades de Mil\u00e1n y Cortina d\u2019Ampezzo, Italia, a la par que los felicit\u00f3 y les dese\u00f3 el mayor de los \u00e9xitos.&nbsp;<\/p>\n\n\n\n<p>\u201cEncomiendo a su patriotismo esta bandera, que simboliza nuestra independencia, soberan\u00eda, el honor, las instituciones; representa nuestro pueblo y la integridad ese su territorio\u201d, se\u00f1al\u00f3 la jefa del Ejecutivo en la ceremonia, que se realiz\u00f3 en el sal\u00f3n Tesorer\u00eda de Palacio Nacional al finalizar la ma\u00f1anera de este lunes.&nbsp;<\/p>\n\n\n\n<p>Ante los cuatro atletas nacionales, agreg\u00f3: \u201cAl concederles el honor de ponerla en sus manos, la patria conf\u00eda que como buenos y leales mexicanos sabr\u00e1n cumplir con esta protesta por el bien del pueblo y por el bien de la naci\u00f3n. Que su ejemplo inspire a millones de mexicanas y mexicanos a creer en la fuerza del deporte y en el poder de nuestros sue\u00f1os\u201d.<\/p>\n\n\n\n<p>La delegaci\u00f3n nacional es confirmada por Donovan Daniel Carrillo, de patinaje art\u00edstico, quien es el abanderado y participar\u00e1 en sus segundos juegos ol\u00edmpicos de invierno; por primera vez acudir\u00e1n a esta justa Allan Daniel Corona, en esqu\u00ed de fondo, y Regina Mart\u00ednez, en esqu\u00ed alpino; mientras que Sarah Schleper, en esqu\u00ed alpino participar\u00e1 en su s\u00e9ptima competici\u00f3n.<\/p>\n\n\n\n<p>Por su parte, el titular de la Comisi\u00f3n Nacional del Deporte, Rommel Pacheco, destac\u00f3 no s\u00f3lo que sea la primera vez que un presidente abandera a la delegaci\u00f3n nacional, sino que lo haga la primera mujer presidenta.<\/p>\n\n\n\n<p>\u201cHoy es un d\u00eda hist\u00f3rico, no s\u00f3lo es la primera vez que se realiza un abanderamiento por parte de la Presidencia a los atletas que van a los juegos ol\u00edmpicos de invierno, sino que ser\u00e1 la primera vez que este abanderamiento lo encabeza una mujer presidenta\u201d.<\/p>\n\n\n\n<p>El funcionario resalt\u00f3 que esta representaci\u00f3n env\u00eda un mensaje relevante para el deporte nacional, pues acudir\u00e1n a la m\u00e1xima competencia deportiva invernal, en la que M\u00e9xico participa desde 1984, cuando se realiz\u00f3 en Sarajevo.<\/p>\n\n\n\n<p>\u201cM\u00e9xico estar\u00e1 representado por una delegaci\u00f3n preparada, comprometida, orgullosa de nuestro pa\u00eds y colores nacionales. Han superado entrenamientos fuera del pa\u00eds, que exigen sacrificios personales y familiares\u201d.<\/p>\n\n\n\n<p>Los atletas mexicanos, dijo, competir\u00e1n contra potencias hist\u00f3ricas de los deportes de invierno, de ah\u00ed que su esfuerzo y constancia sea para resaltarse. \u201cEstamos sumamente orgullosos de ustedes\u201d.<\/p>\n\n\n\n<p>Fuente: La <a href=\"https:\/\/www.jornada.com.mx\/noticia\/2026\/01\/12\/deportes\/abandera-sheinbaum-a-delegacion-mexicana-que-participara-en-los-jo-de-invierno-milanocortina\">Jornada<\/a> <\/p>\n\n\n\n<p><\/p>\n","protected":false},"excerpt":{"rendered":"<p>Por primera ocasi\u00f3n desde que M\u00e9xico participa en los Juegos Ol\u00edmpicos de Invierno, la delegaci\u00f3n nacional fue abanderada por un representante del Ejecutivo federal. Esta ma\u00f1ana, la presidenta Claudia Sheinbaum Pardo confiri\u00f3 el honor de portar el l\u00e1baro patrio a los cuatro representantes mexicanos que participar\u00e1n en los 25 Juegos Ol\u00edmpicos de Invierno Milano-Cortina, que [&hellip;]<\/p>\n","protected":false},"author":35,"featured_media":206095,"comment_status":"open","ping_status":"open","sticky":false,"template":"","format":"standard","meta":{"_monsterinsights_skip_tracking":false,"_monsterinsights_sitenote_active":false,"_monsterinsights_sitenote_note":"","_monsterinsights_sitenote_category":0,"footnotes":""},"categories":[157],"tags":[2801,32896],"class_list":["post-206093","post","type-post","status-publish","format-standard","has-post-thumbnail","hentry","category-nacional","tag-claudia-sheinbaum","tag-juegos-olimpicos-de-invierno","wp-image-borders"],"amp_enabled":true,"_links":{"self":[{"href":"https:\/\/nvnoticias.mx\/index.php\/wp-json\/wp\/v2\/posts\/206093","targetHints":{"allow":["GET"]}}],"collection":[{"href":"https:\/\/nvnoticias.mx\/index.php\/wp-json\/wp\/v2\/posts"}],"about":[{"href":"https:\/\/nvnoticias.mx\/index.php\/wp-json\/wp\/v2\/types\/post"}],"author":[{"embeddable":true,"href":"https:\/\/nvnoticias.mx\/index.php\/wp-json\/wp\/v2\/users\/35"}],"replies":[{"embeddable":true,"href":"https:\/\/nvnoticias.mx\/index.php\/wp-json\/wp\/v2\/comments?post=206093"}],"version-history":[{"count":2,"href":"https:\/\/nvnoticias.mx\/index.php\/wp-json\/wp\/v2\/posts\/206093\/revisions"}],"predecessor-version":[{"id":206096,"href":"https:\/\/nvnoticias.mx\/index.php\/wp-json\/wp\/v2\/posts\/206093\/revisions\/206096"}],"wp:featuredmedia":[{"embeddable":true,"href":"https:\/\/nvnoticias.mx\/index.php\/wp-json\/wp\/v2\/media\/206095"}],"wp:attachment":[{"href":"https:\/\/nvnoticias.mx\/index.php\/wp-json\/wp\/v2\/media?parent=206093"}],"wp:term":[{"taxonomy":"category","embeddable":true,"href":"https:\/\/nvnoticias.mx\/index.php\/wp-json\/wp\/v2\/categories?post=206093"},{"taxonomy":"post_tag","embeddable":true,"href":"https:\/\/nvnoticias.mx\/index.php\/wp-json\/wp\/v2\/tags?post=206093"}],"curies":[{"name":"wp","href":"https:\/\/api.w.org\/{rel}","templated":true}]}}