{"id":206060,"date":"2026-01-12T11:19:24","date_gmt":"2026-01-12T17:19:24","guid":{"rendered":"https:\/\/nvnoticias.mx\/?p=206060"},"modified":"2026-01-12T11:19:28","modified_gmt":"2026-01-12T17:19:28","slug":"cerrado-el-acceso-al-cofre-por-frio-extremo","status":"publish","type":"post","link":"https:\/\/nvnoticias.mx\/index.php\/2026\/01\/12\/cerrado-el-acceso-al-cofre-por-frio-extremo\/","title":{"rendered":"Cerrado el acceso al Cofre por fr\u00edo extremo\u00a0"},"content":{"rendered":"\n<p><\/p>\n\n\n\n<p><strong>Sam Ojeda\u00a0&#8211; NV Noticias<\/strong><\/p>\n\n\n\n<p>Xalapa.- El ingreso al Cofre de Perote qued\u00f3 suspendido de manera indefinida luego de que se registraran temperaturas de hasta menos nueve grados cent\u00edgrados en la zona alta, una condici\u00f3n que incrementa el riesgo de accidentes y afectaciones a la salud.<\/p>\n\n\n\n<p>Protecci\u00f3n Civil del municipio determin\u00f3 la medida ante la presencia de hielo, baja visibilidad y superficies resbalosas en la monta\u00f1a, factores que vuelven inseguro cualquier intento de ascenso o recorrido.<\/p>\n\n\n\n<p>La autoridad municipal inform\u00f3 que la restricci\u00f3n permanecer\u00e1 vigente hasta que las condiciones climatol\u00f3gicas permitan garantizar la seguridad de quienes suelen acudir al sitio, ya sea por actividades recreativas, deportivas o tur\u00edsticas.<\/p>\n\n\n\n<p>El fr\u00edo extremo puede provocar desde ca\u00eddas por falta de tracci\u00f3n hasta cuadros de hipotermia en lapsos cortos de exposici\u00f3n, especialmente en personas que no cuentan con el equipo ni la preparaci\u00f3n adecuados.<\/p>\n\n\n\n<p>Por ello, el Ayuntamiento de Perote pidi\u00f3 a la poblaci\u00f3n respetar el cierre y mantenerse atenta a los avisos oficiales que se emitan conforme evolucione el estado del tiempo en la regi\u00f3n.<\/p>\n","protected":false},"excerpt":{"rendered":"<p>Sam Ojeda\u00a0&#8211; NV Noticias Xalapa.- El ingreso al Cofre de Perote qued\u00f3 suspendido de manera indefinida luego de que se registraran temperaturas de hasta menos nueve grados cent\u00edgrados en la zona alta, una condici\u00f3n que incrementa el riesgo de accidentes y afectaciones a la salud. Protecci\u00f3n Civil del municipio determin\u00f3 la medida ante la presencia [&hellip;]<\/p>\n","protected":false},"author":6,"featured_media":206068,"comment_status":"open","ping_status":"open","sticky":false,"template":"","format":"standard","meta":{"_monsterinsights_skip_tracking":false,"_monsterinsights_sitenote_active":false,"_monsterinsights_sitenote_note":"","_monsterinsights_sitenote_category":0,"footnotes":""},"categories":[156],"tags":[6597,22200],"class_list":["post-206060","post","type-post","status-publish","format-standard","has-post-thumbnail","hentry","category-estado","tag-cofre-de-perote","tag-frio-extremo","wp-image-borders"],"amp_enabled":true,"_links":{"self":[{"href":"https:\/\/nvnoticias.mx\/index.php\/wp-json\/wp\/v2\/posts\/206060","targetHints":{"allow":["GET"]}}],"collection":[{"href":"https:\/\/nvnoticias.mx\/index.php\/wp-json\/wp\/v2\/posts"}],"about":[{"href":"https:\/\/nvnoticias.mx\/index.php\/wp-json\/wp\/v2\/types\/post"}],"author":[{"embeddable":true,"href":"https:\/\/nvnoticias.mx\/index.php\/wp-json\/wp\/v2\/users\/6"}],"replies":[{"embeddable":true,"href":"https:\/\/nvnoticias.mx\/index.php\/wp-json\/wp\/v2\/comments?post=206060"}],"version-history":[{"count":1,"href":"https:\/\/nvnoticias.mx\/index.php\/wp-json\/wp\/v2\/posts\/206060\/revisions"}],"predecessor-version":[{"id":206069,"href":"https:\/\/nvnoticias.mx\/index.php\/wp-json\/wp\/v2\/posts\/206060\/revisions\/206069"}],"wp:featuredmedia":[{"embeddable":true,"href":"https:\/\/nvnoticias.mx\/index.php\/wp-json\/wp\/v2\/media\/206068"}],"wp:attachment":[{"href":"https:\/\/nvnoticias.mx\/index.php\/wp-json\/wp\/v2\/media?parent=206060"}],"wp:term":[{"taxonomy":"category","embeddable":true,"href":"https:\/\/nvnoticias.mx\/index.php\/wp-json\/wp\/v2\/categories?post=206060"},{"taxonomy":"post_tag","embeddable":true,"href":"https:\/\/nvnoticias.mx\/index.php\/wp-json\/wp\/v2\/tags?post=206060"}],"curies":[{"name":"wp","href":"https:\/\/api.w.org\/{rel}","templated":true}]}}