{"id":206042,"date":"2026-01-12T10:55:42","date_gmt":"2026-01-12T16:55:42","guid":{"rendered":"https:\/\/nvnoticias.mx\/?p=206042"},"modified":"2026-01-12T10:55:47","modified_gmt":"2026-01-12T16:55:47","slug":"confia-sheinbaum-en-que-integracion-economica-mantenga-el-t-mec","status":"publish","type":"post","link":"https:\/\/nvnoticias.mx\/index.php\/2026\/01\/12\/confia-sheinbaum-en-que-integracion-economica-mantenga-el-t-mec\/","title":{"rendered":"Conf\u00eda Sheinbaum en que integraci\u00f3n econ\u00f3mica mantenga el T &#8211; MEC"},"content":{"rendered":"\n<p>En el marco de la revisi\u00f3n del Tratado M\u00e9xico, Estados Unidos y Canad\u00e1 (T-MEC), la presidenta Claudia Sheinbaum Pardo confi\u00f3 en un buen proceso para mantener ese acuerdo comercial, esto pese a las tensiones que pudieran presentarse.<\/p>\n\n\n\n<p>La jefa del Ejecutivo se\u00f1al\u00f3 que en la conversaci\u00f3n que esta ma\u00f1ana tuvo con el presidente de Estados Unidos, Donald Trump, se\u00f1al\u00f3 que no profundizaron en el tema, pero se dijo segura que habr\u00e1 una buena negociaci\u00f3n porque mantener ese acuerdo conviene a los tres pa\u00edses.<\/p>\n\n\n\n<p>\u201cTengo confianza en que el marco de la revisi\u00f3n del tratado va a ser buena, va a ser buena. Yo tengo confianza en que este a\u00f1o se van a resolver, van a haber sus tensiones en ciertos temas, pero va a ser bueno\u201d, apunt\u00f3.<\/p>\n\n\n\n<p>Remarc\u00f3 que su confianza se basa debido a que entre las tres naciones existe gran integraci\u00f3n econ\u00f3mica.<\/p>\n\n\n\n<p>\u201cEl pueblo de M\u00e9xico tiene que saber primero que su presidenta nunca va a negociar la soberan\u00eda ni la integridad territorial, jam\u00e1s. Segundo, que buscamos coordinaci\u00f3n sin subordinaci\u00f3n, como iguales. Y tercero, que esto es permanente, ya llevamos casi un a\u00f1o de relaci\u00f3n con el presidente Trump y ha habido sus momentos\u201d.<\/p>\n\n\n\n<p>Frente a la relaci\u00f3n con Washington, la mandataria destac\u00f3 que se llamar\u00eda a una movilizaci\u00f3n social en caso de ser necesario. \u201cSi es necesario llamar a una movilizaci\u00f3n, lo vamos a hacer, pero buscamos siempre el di\u00e1logo que nos permita avanzar\u201d.<\/p>\n\n\n\n<p>Fuente: La <a href=\"https:\/\/www.jornada.com.mx\/noticia\/2026\/01\/12\/economia\/integracion-economica-sera-la-clave-en-negociacion-del-tmec-dice-sheinbaum-tras-llamada-con-trump\">Jornada<\/a> <\/p>\n","protected":false},"excerpt":{"rendered":"<p>En el marco de la revisi\u00f3n del Tratado M\u00e9xico, Estados Unidos y Canad\u00e1 (T-MEC), la presidenta Claudia Sheinbaum Pardo confi\u00f3 en un buen proceso para mantener ese acuerdo comercial, esto pese a las tensiones que pudieran presentarse. La jefa del Ejecutivo se\u00f1al\u00f3 que en la conversaci\u00f3n que esta ma\u00f1ana tuvo con el presidente de Estados [&hellip;]<\/p>\n","protected":false},"author":35,"featured_media":206055,"comment_status":"open","ping_status":"open","sticky":false,"template":"","format":"standard","meta":{"_monsterinsights_skip_tracking":false,"_monsterinsights_sitenote_active":false,"_monsterinsights_sitenote_note":"","_monsterinsights_sitenote_category":0,"footnotes":""},"categories":[157],"tags":[2801,162,3163],"class_list":["post-206042","post","type-post","status-publish","format-standard","has-post-thumbnail","hentry","category-nacional","tag-claudia-sheinbaum","tag-portada","tag-t-mec","wp-image-borders"],"amp_enabled":true,"_links":{"self":[{"href":"https:\/\/nvnoticias.mx\/index.php\/wp-json\/wp\/v2\/posts\/206042","targetHints":{"allow":["GET"]}}],"collection":[{"href":"https:\/\/nvnoticias.mx\/index.php\/wp-json\/wp\/v2\/posts"}],"about":[{"href":"https:\/\/nvnoticias.mx\/index.php\/wp-json\/wp\/v2\/types\/post"}],"author":[{"embeddable":true,"href":"https:\/\/nvnoticias.mx\/index.php\/wp-json\/wp\/v2\/users\/35"}],"replies":[{"embeddable":true,"href":"https:\/\/nvnoticias.mx\/index.php\/wp-json\/wp\/v2\/comments?post=206042"}],"version-history":[{"count":3,"href":"https:\/\/nvnoticias.mx\/index.php\/wp-json\/wp\/v2\/posts\/206042\/revisions"}],"predecessor-version":[{"id":206054,"href":"https:\/\/nvnoticias.mx\/index.php\/wp-json\/wp\/v2\/posts\/206042\/revisions\/206054"}],"wp:featuredmedia":[{"embeddable":true,"href":"https:\/\/nvnoticias.mx\/index.php\/wp-json\/wp\/v2\/media\/206055"}],"wp:attachment":[{"href":"https:\/\/nvnoticias.mx\/index.php\/wp-json\/wp\/v2\/media?parent=206042"}],"wp:term":[{"taxonomy":"category","embeddable":true,"href":"https:\/\/nvnoticias.mx\/index.php\/wp-json\/wp\/v2\/categories?post=206042"},{"taxonomy":"post_tag","embeddable":true,"href":"https:\/\/nvnoticias.mx\/index.php\/wp-json\/wp\/v2\/tags?post=206042"}],"curies":[{"name":"wp","href":"https:\/\/api.w.org\/{rel}","templated":true}]}}