{"id":206035,"date":"2026-01-11T14:46:16","date_gmt":"2026-01-11T20:46:16","guid":{"rendered":"https:\/\/nvnoticias.mx\/?p=206035"},"modified":"2026-01-11T14:46:20","modified_gmt":"2026-01-11T20:46:20","slug":"piden-buenos-perfiles-para-los-institutos-municipales-de-las-mujeres","status":"publish","type":"post","link":"https:\/\/nvnoticias.mx\/index.php\/2026\/01\/11\/piden-buenos-perfiles-para-los-institutos-municipales-de-las-mujeres\/","title":{"rendered":"Piden buenos perfiles para los Institutos Municipales de las Mujeres"},"content":{"rendered":"\n<p><br><strong>Jes\u00fas Utrilla | NV Noticias<\/strong> <\/p>\n\n\n\n<p><br>Los recientes nombramientos de las nuevas titulares de los Institutos Municipales de las Mujeres, deben ser con base a perfiles con experiencia, formaci\u00f3n y compromiso real con la perspectiva de g\u00e9nero, se\u00f1al\u00f3 Nancy Torres Casta\u00f1eda, vocera del Colectivo Colmena Verde.<\/p>\n\n\n\n<p><br>Record\u00f3 que e\u00a0 Veracruz D mantiene activa una Alerta de Violencia de G\u00e9nero y la designaci\u00f3n de estas titulares no debe responder \u00fanicamente a un requisito administrativo, sino a la necesidad de fortalecer las acciones institucionales para la prevenci\u00f3n y sanci\u00f3n de la violencia contra las mujeres.<\/p>\n\n\n\n<p><br>\u201cEsperamos que tengan el perfil id\u00f3neo para poder tener esta titularidad. Los institutos municipales de las mujeres no son asistenciales, no tienen que poner a una mujer nada m\u00e1s para cumplir un requisito, porque nada m\u00e1s poner a una mujer no es garant\u00eda de que tenga perspectiva de g\u00e9nero y en verdad asuma con responsabilidad esa titularidad\u201d.<\/p>\n\n\n\n<p><br>Dijo que los municipios tienen una obligaci\u00f3n directa en la implementaci\u00f3n de pol\u00edticas p\u00fablicas con enfoque de g\u00e9nero, al ser parte fundamental del entramado institucional que debe responder a la problem\u00e1tica de violencia que enfrenta el estado.<\/p>\n\n\n\n<p><br>\u201cEfectivamente en nuestro estado tenemos alerta de g\u00e9nero emitida y justamente los municipios tienen esta responsabilidad de ejercer acciones afirmativas y coadyuvar desde la instancia municipal, la instancia estatal y las instancias federales para poder prevenir y sancionar la violencia de g\u00e9nero\u201d.<\/p>\n\n\n\n<p><br>Torres Casta\u00f1eda reiter\u00f3 que la expectativa central es que quienes encabecen los institutos municipales asuman el cargo con un compromiso aut\u00e9ntico, enfocado en trabajar de manera constante y coordinada por los derechos y la seguridad de las mujeres.<\/p>\n","protected":false},"excerpt":{"rendered":"<p>Jes\u00fas Utrilla | NV Noticias Los recientes nombramientos de las nuevas titulares de los Institutos Municipales de las Mujeres, deben ser con base a perfiles con experiencia, formaci\u00f3n y compromiso real con la perspectiva de g\u00e9nero, se\u00f1al\u00f3 Nancy Torres Casta\u00f1eda, vocera del Colectivo Colmena Verde. Record\u00f3 que e\u00a0 Veracruz D mantiene activa una Alerta de [&hellip;]<\/p>\n","protected":false},"author":35,"featured_media":79726,"comment_status":"open","ping_status":"open","sticky":false,"template":"","format":"standard","meta":{"_monsterinsights_skip_tracking":false,"_monsterinsights_sitenote_active":false,"_monsterinsights_sitenote_note":"","_monsterinsights_sitenote_category":0,"footnotes":""},"categories":[154],"tags":[573],"class_list":["post-206035","post","type-post","status-publish","format-standard","has-post-thumbnail","hentry","category-veracruz","tag-mujeres","wp-image-borders"],"amp_enabled":true,"_links":{"self":[{"href":"https:\/\/nvnoticias.mx\/index.php\/wp-json\/wp\/v2\/posts\/206035","targetHints":{"allow":["GET"]}}],"collection":[{"href":"https:\/\/nvnoticias.mx\/index.php\/wp-json\/wp\/v2\/posts"}],"about":[{"href":"https:\/\/nvnoticias.mx\/index.php\/wp-json\/wp\/v2\/types\/post"}],"author":[{"embeddable":true,"href":"https:\/\/nvnoticias.mx\/index.php\/wp-json\/wp\/v2\/users\/35"}],"replies":[{"embeddable":true,"href":"https:\/\/nvnoticias.mx\/index.php\/wp-json\/wp\/v2\/comments?post=206035"}],"version-history":[{"count":1,"href":"https:\/\/nvnoticias.mx\/index.php\/wp-json\/wp\/v2\/posts\/206035\/revisions"}],"predecessor-version":[{"id":206036,"href":"https:\/\/nvnoticias.mx\/index.php\/wp-json\/wp\/v2\/posts\/206035\/revisions\/206036"}],"wp:featuredmedia":[{"embeddable":true,"href":"https:\/\/nvnoticias.mx\/index.php\/wp-json\/wp\/v2\/media\/79726"}],"wp:attachment":[{"href":"https:\/\/nvnoticias.mx\/index.php\/wp-json\/wp\/v2\/media?parent=206035"}],"wp:term":[{"taxonomy":"category","embeddable":true,"href":"https:\/\/nvnoticias.mx\/index.php\/wp-json\/wp\/v2\/categories?post=206035"},{"taxonomy":"post_tag","embeddable":true,"href":"https:\/\/nvnoticias.mx\/index.php\/wp-json\/wp\/v2\/tags?post=206035"}],"curies":[{"name":"wp","href":"https:\/\/api.w.org\/{rel}","templated":true}]}}