{"id":205985,"date":"2026-01-11T13:56:49","date_gmt":"2026-01-11T19:56:49","guid":{"rendered":"https:\/\/nvnoticias.mx\/?p=205985"},"modified":"2026-01-11T13:56:54","modified_gmt":"2026-01-11T19:56:54","slug":"senala-ramirez-cuellar-fallas-relevantes-en-actuacion-de-la-asf","status":"publish","type":"post","link":"https:\/\/nvnoticias.mx\/index.php\/2026\/01\/11\/senala-ramirez-cuellar-fallas-relevantes-en-actuacion-de-la-asf\/","title":{"rendered":"Se\u00f1ala Ram\u00edrez Cu\u00e9llar \u201cfallas relevantes\u201d en actuaci\u00f3n de la ASF"},"content":{"rendered":"\n<p>La Auditor\u00eda Superior de la Federaci\u00f3n (ASF) tiene relevancia primordial en la revisi\u00f3n del gasto p\u00fablico, pero a\u00fan as\u00ed presenta una serie de \u201cfallas relevantes\u201d, como demuestra el hecho de que s\u00f3lo en la primera entrega de informes sobre la cuenta p\u00fablica 2024 se reportaron m\u00e1s de 660 millones de pesos sin aclarar, lo cual est\u00e1 relacionado con debilidades en los controles existentes, define el vicecoordinador de Morena en la C\u00e1mara de Diputados, Alfonso Ram\u00edrez Cu\u00e9llar.<\/p>\n\n\n\n<p>Antes del inicio del proceso de relevo en la titularidad en la ASF, el legislador insisti\u00f3 en retomar algunas iniciativas que ha presentado para fortalecer el proceso de revisi\u00f3n del gasto p\u00fablico.<\/p>\n\n\n\n<p>En un documento de an\u00e1lisis, el legislador puntualiz\u00f3 que \u201cla recurrencia de observaciones millonarias a\u00f1o con a\u00f1o subraya la necesidad de agilizar los procedimientos de revisi\u00f3n y fortalecer los mecanismos correctivos y sancionatorios, a fin de evitar la impunidad\u201d.<\/p>\n\n\n\n<p>De acuerdo con Ram\u00edrez Cu\u00e9llar, una de las \u201cdebilidades estructurales\u201d de la ASF es la \u201centrega tard\u00eda de resultados\u201d de sus auditor\u00edas a la C\u00e1mara, ya que el proceso de fiscalizaci\u00f3n es \u201cexcesivamente lento\u201d, lo que retrasa la correcci\u00f3n oportuna de las irregularidades, a tal punto que pasan casi dos a\u00f1os desde el inicio de un ejercicio fiscal hasta la presentaci\u00f3n del informe de resultados.<\/p>\n\n\n\n<p>Otra debilidad identificada por el diputado morenista es la relecci\u00f3n de los titulares de la ASF, que podr\u00eda ampliar su cargo hasta 16 a\u00f1os, lo cual \u201cpuede fomentar la concentraci\u00f3n de poder y la perpetuaci\u00f3n de intereses personales o pol\u00edticos en la instituci\u00f3n, comprometiendo su independencia\u201d.<\/p>\n\n\n\n<p>Ram\u00edrez Cu\u00e9llar record\u00f3 que en septiembre de 2025 present\u00f3 un paquete de iniciativas de reforma constitucional y legal para que el proceso de fiscalizaci\u00f3n sea m\u00e1s democr\u00e1tico, transparente y efectivo. En la ASF \u201chay degradaci\u00f3n estructural que debe ser enfrentada con una reforma radical\u201d, puntualiz\u00f3.<\/p>\n\n\n\n<p>Fuente: La <a href=\"https:\/\/www.jornada.com.mx\/noticia\/2026\/01\/11\/politica\/senala-ramirez-cuellar-fallas-relevantes-en-actuacion-de-la-asf\">Jornada<\/a> <\/p>\n","protected":false},"excerpt":{"rendered":"<p>La Auditor\u00eda Superior de la Federaci\u00f3n (ASF) tiene relevancia primordial en la revisi\u00f3n del gasto p\u00fablico, pero a\u00fan as\u00ed presenta una serie de \u201cfallas relevantes\u201d, como demuestra el hecho de que s\u00f3lo en la primera entrega de informes sobre la cuenta p\u00fablica 2024 se reportaron m\u00e1s de 660 millones de pesos sin aclarar, lo cual [&hellip;]<\/p>\n","protected":false},"author":35,"featured_media":205986,"comment_status":"open","ping_status":"open","sticky":false,"template":"","format":"standard","meta":{"_monsterinsights_skip_tracking":false,"_monsterinsights_sitenote_active":false,"_monsterinsights_sitenote_note":"","_monsterinsights_sitenote_category":0,"footnotes":""},"categories":[158],"tags":[1653],"class_list":["post-205985","post","type-post","status-publish","format-standard","has-post-thumbnail","hentry","category-politica","tag-asf","wp-image-borders"],"amp_enabled":true,"_links":{"self":[{"href":"https:\/\/nvnoticias.mx\/index.php\/wp-json\/wp\/v2\/posts\/205985","targetHints":{"allow":["GET"]}}],"collection":[{"href":"https:\/\/nvnoticias.mx\/index.php\/wp-json\/wp\/v2\/posts"}],"about":[{"href":"https:\/\/nvnoticias.mx\/index.php\/wp-json\/wp\/v2\/types\/post"}],"author":[{"embeddable":true,"href":"https:\/\/nvnoticias.mx\/index.php\/wp-json\/wp\/v2\/users\/35"}],"replies":[{"embeddable":true,"href":"https:\/\/nvnoticias.mx\/index.php\/wp-json\/wp\/v2\/comments?post=205985"}],"version-history":[{"count":3,"href":"https:\/\/nvnoticias.mx\/index.php\/wp-json\/wp\/v2\/posts\/205985\/revisions"}],"predecessor-version":[{"id":205989,"href":"https:\/\/nvnoticias.mx\/index.php\/wp-json\/wp\/v2\/posts\/205985\/revisions\/205989"}],"wp:featuredmedia":[{"embeddable":true,"href":"https:\/\/nvnoticias.mx\/index.php\/wp-json\/wp\/v2\/media\/205986"}],"wp:attachment":[{"href":"https:\/\/nvnoticias.mx\/index.php\/wp-json\/wp\/v2\/media?parent=205985"}],"wp:term":[{"taxonomy":"category","embeddable":true,"href":"https:\/\/nvnoticias.mx\/index.php\/wp-json\/wp\/v2\/categories?post=205985"},{"taxonomy":"post_tag","embeddable":true,"href":"https:\/\/nvnoticias.mx\/index.php\/wp-json\/wp\/v2\/tags?post=205985"}],"curies":[{"name":"wp","href":"https:\/\/api.w.org\/{rel}","templated":true}]}}