{"id":205958,"date":"2026-01-10T16:40:29","date_gmt":"2026-01-10T22:40:29","guid":{"rendered":"https:\/\/nvnoticias.mx\/?p=205958"},"modified":"2026-01-10T16:40:33","modified_gmt":"2026-01-10T22:40:33","slug":"seis-mv3rt-deja-una-serie-de-tiroteos-en-misisipi-atacante-es-detenido","status":"publish","type":"post","link":"https:\/\/nvnoticias.mx\/index.php\/2026\/01\/10\/seis-mv3rt-deja-una-serie-de-tiroteos-en-misisipi-atacante-es-detenido\/","title":{"rendered":"Seis mv3rt@$ deja una serie de tiroteos en Misisipi; atacante es detenido"},"content":{"rendered":"\n<p><\/p>\n\n\n\n<p>Autoridades informaron este s\u00e1bado la muerte de al menos seis personas luego de una serie de tiroteos registrados en la comunidad rural de Cedarbluff, perteneciente al condado de Clay, en Misisipi; donde el presunto responsable fue detenido.<\/p>\n\n\n\n<p>Eddie Scott, alguacil del condado, inform\u00f3 a trav\u00e9s de Facebook que la comunidad enfrent\u00f3 una tragedia por la violencia armada y que el presunto responsable ya est\u00e1 bajo custodia.<\/p>\n\n\n\n<p>Desafortunadamente, hemos lidiado con la tragedia en nuestra comunidad. M\u00faltiples vidas inocentes se perdieron debido a la violencia. Tenemos en custodia al individuo (presunto responsable) y ya no representa una amenaza a nuestra comunicad\u201d, se lee en el mensaje de Scott.<\/p>\n\n\n\n<p>En tanto, Steven Woodruff, ayudante del sheriff del condado de Clay, confirm\u00f3 que fue detenido Daricka M. Moore, quien ha sido acusado de los asesinatos.<\/p>\n\n\n\n<p>El De acuerdo con reportes de medios locales citados por CBS News, los disparos ocurrieron en tres ubicaciones distintas entre la noche del viernes y la madrugada del s\u00e1bado en el \u00e1rea de West Point, cerca de la frontera con Alabama.<\/p>\n","protected":false},"excerpt":{"rendered":"<p>Autoridades informaron este s\u00e1bado la muerte de al menos seis personas luego de una serie de tiroteos registrados en la comunidad rural de Cedarbluff, perteneciente al condado de Clay, en Misisipi; donde el presunto responsable fue detenido. Eddie Scott, alguacil del condado, inform\u00f3 a trav\u00e9s de Facebook que la comunidad enfrent\u00f3 una tragedia por la [&hellip;]<\/p>\n","protected":false},"author":8,"featured_media":205959,"comment_status":"open","ping_status":"open","sticky":false,"template":"","format":"standard","meta":{"_monsterinsights_skip_tracking":false,"_monsterinsights_sitenote_active":false,"_monsterinsights_sitenote_note":"","_monsterinsights_sitenote_category":0,"footnotes":""},"categories":[181],"tags":[24135,3578],"class_list":["post-205958","post","type-post","status-publish","format-standard","has-post-thumbnail","hentry","category-internacional","tag-misisipi","tag-tiroteo","wp-image-borders"],"amp_enabled":true,"_links":{"self":[{"href":"https:\/\/nvnoticias.mx\/index.php\/wp-json\/wp\/v2\/posts\/205958","targetHints":{"allow":["GET"]}}],"collection":[{"href":"https:\/\/nvnoticias.mx\/index.php\/wp-json\/wp\/v2\/posts"}],"about":[{"href":"https:\/\/nvnoticias.mx\/index.php\/wp-json\/wp\/v2\/types\/post"}],"author":[{"embeddable":true,"href":"https:\/\/nvnoticias.mx\/index.php\/wp-json\/wp\/v2\/users\/8"}],"replies":[{"embeddable":true,"href":"https:\/\/nvnoticias.mx\/index.php\/wp-json\/wp\/v2\/comments?post=205958"}],"version-history":[{"count":1,"href":"https:\/\/nvnoticias.mx\/index.php\/wp-json\/wp\/v2\/posts\/205958\/revisions"}],"predecessor-version":[{"id":205960,"href":"https:\/\/nvnoticias.mx\/index.php\/wp-json\/wp\/v2\/posts\/205958\/revisions\/205960"}],"wp:featuredmedia":[{"embeddable":true,"href":"https:\/\/nvnoticias.mx\/index.php\/wp-json\/wp\/v2\/media\/205959"}],"wp:attachment":[{"href":"https:\/\/nvnoticias.mx\/index.php\/wp-json\/wp\/v2\/media?parent=205958"}],"wp:term":[{"taxonomy":"category","embeddable":true,"href":"https:\/\/nvnoticias.mx\/index.php\/wp-json\/wp\/v2\/categories?post=205958"},{"taxonomy":"post_tag","embeddable":true,"href":"https:\/\/nvnoticias.mx\/index.php\/wp-json\/wp\/v2\/tags?post=205958"}],"curies":[{"name":"wp","href":"https:\/\/api.w.org\/{rel}","templated":true}]}}