{"id":205951,"date":"2026-01-10T16:24:03","date_gmt":"2026-01-10T22:24:03","guid":{"rendered":"https:\/\/nvnoticias.mx\/?p=205951"},"modified":"2026-01-10T16:24:09","modified_gmt":"2026-01-10T22:24:09","slug":"cierran-tiendas-de-conveniencia-en-rio-bravo-por-acoso-del-crimen-organizado","status":"publish","type":"post","link":"https:\/\/nvnoticias.mx\/index.php\/2026\/01\/10\/cierran-tiendas-de-conveniencia-en-rio-bravo-por-acoso-del-crimen-organizado\/","title":{"rendered":"Cierran tiendas de conveniencia en R\u00edo Bravo por &#8216;acoso del crimen organizado&#8217;"},"content":{"rendered":"\n<p><\/p>\n\n\n\n<p>Las tiendas de conveniencia OXXO fueron cerradas temporalmente en el municipio fronterizo de R\u00edo Bravo, Tamaulipas, ante el azote de cobros de cuota y extorsi\u00f3n por parte del crimen organizado.<\/p>\n\n\n\n<p>De acuerdo con publicaci\u00f3n del diario Reforma, el cierre busca proteger a colaboradores y operaciones ante la ausencia de condiciones m\u00ednimas de seguridad, responsabilidad del gobierno estatal y federal<\/p>\n\n\n\n<p>El alcalde panista Miguel \u00c1ngel Almaraz confirm\u00f3 el cierre e inform\u00f3 que debi\u00f3 a un tema relacionado con la delincuencia, por la exigencia del pago de cuotas y tras una serie de robos a las tiendas.<\/p>\n\n\n\n<p>Y es que inform\u00f3 que al menos fueron robados cinco establecimientos, se manera consecutiva, ante lo cual consider\u00f3 que lo m\u00e1s pertinente es el cierre hasta que se d\u00e9 hay una intervenci\u00f3n oficial, porque en Tamaulipas no existen polic\u00edas municipales.<\/p>\n\n\n\n<p>La seguridad corresponde al gobierno del estado, a cargo de Am\u00e9rico Villarreal, en coordinaci\u00f3n con la Federaci\u00f3n.<\/p>\n\n\n\n<p><\/p>\n","protected":false},"excerpt":{"rendered":"<p>Las tiendas de conveniencia OXXO fueron cerradas temporalmente en el municipio fronterizo de R\u00edo Bravo, Tamaulipas, ante el azote de cobros de cuota y extorsi\u00f3n por parte del crimen organizado. De acuerdo con publicaci\u00f3n del diario Reforma, el cierre busca proteger a colaboradores y operaciones ante la ausencia de condiciones m\u00ednimas de seguridad, responsabilidad del [&hellip;]<\/p>\n","protected":false},"author":8,"featured_media":112309,"comment_status":"open","ping_status":"open","sticky":false,"template":"","format":"standard","meta":{"_monsterinsights_skip_tracking":false,"_monsterinsights_sitenote_active":false,"_monsterinsights_sitenote_note":"","_monsterinsights_sitenote_category":0,"footnotes":""},"categories":[157],"tags":[2767,11736,982],"class_list":["post-205951","post","type-post","status-publish","format-standard","has-post-thumbnail","hentry","category-nacional","tag-cierre","tag-crimen-organizado","tag-negocios","wp-image-borders"],"amp_enabled":true,"_links":{"self":[{"href":"https:\/\/nvnoticias.mx\/index.php\/wp-json\/wp\/v2\/posts\/205951","targetHints":{"allow":["GET"]}}],"collection":[{"href":"https:\/\/nvnoticias.mx\/index.php\/wp-json\/wp\/v2\/posts"}],"about":[{"href":"https:\/\/nvnoticias.mx\/index.php\/wp-json\/wp\/v2\/types\/post"}],"author":[{"embeddable":true,"href":"https:\/\/nvnoticias.mx\/index.php\/wp-json\/wp\/v2\/users\/8"}],"replies":[{"embeddable":true,"href":"https:\/\/nvnoticias.mx\/index.php\/wp-json\/wp\/v2\/comments?post=205951"}],"version-history":[{"count":1,"href":"https:\/\/nvnoticias.mx\/index.php\/wp-json\/wp\/v2\/posts\/205951\/revisions"}],"predecessor-version":[{"id":205952,"href":"https:\/\/nvnoticias.mx\/index.php\/wp-json\/wp\/v2\/posts\/205951\/revisions\/205952"}],"wp:featuredmedia":[{"embeddable":true,"href":"https:\/\/nvnoticias.mx\/index.php\/wp-json\/wp\/v2\/media\/112309"}],"wp:attachment":[{"href":"https:\/\/nvnoticias.mx\/index.php\/wp-json\/wp\/v2\/media?parent=205951"}],"wp:term":[{"taxonomy":"category","embeddable":true,"href":"https:\/\/nvnoticias.mx\/index.php\/wp-json\/wp\/v2\/categories?post=205951"},{"taxonomy":"post_tag","embeddable":true,"href":"https:\/\/nvnoticias.mx\/index.php\/wp-json\/wp\/v2\/tags?post=205951"}],"curies":[{"name":"wp","href":"https:\/\/api.w.org\/{rel}","templated":true}]}}