{"id":205949,"date":"2026-01-10T16:19:12","date_gmt":"2026-01-10T22:19:12","guid":{"rendered":"https:\/\/nvnoticias.mx\/?p=205949"},"modified":"2026-01-10T16:19:16","modified_gmt":"2026-01-10T22:19:16","slug":"cierran-playas-por-norte-en-boca-del-rio-estas-son-las-recomendaciones","status":"publish","type":"post","link":"https:\/\/nvnoticias.mx\/index.php\/2026\/01\/10\/cierran-playas-por-norte-en-boca-del-rio-estas-son-las-recomendaciones\/","title":{"rendered":"Cierran playas por norte en Boca del R\u00edo; estas son las recomendaciones"},"content":{"rendered":"\n<p><\/p>\n\n\n\n<p>Por el evento de&nbsp;<strong>norte<\/strong>&nbsp;que se prev\u00e9 llegue esta tarde de s\u00e1bado, en playas de&nbsp;<strong>Boca del R\u00edo<\/strong>&nbsp;se colocaron las banderas rojas, lo que significa que estas zonas est\u00e1n&nbsp;<strong>cerradas<\/strong>&nbsp;y no se recomiendan a los ba\u00f1istas no entrar al mar.<\/p>\n\n\n\n<p>Emma Cesta Arrieta, directora de Protecci\u00f3n Civil de&nbsp;<strong>Boca del R\u00edo<\/strong>, indic\u00f3 que desde esta ma\u00f1ana fueron colocadas las banderas rojas en las ocho playas del municipio, tambi\u00e9n agreg\u00f3 que desde que se emiti\u00f3 la Alerta Gris se mantienen atentos a los eventos que puedan surgir en la zona.<\/p>\n\n\n\n<p>Desde que se emiti\u00f3 la&nbsp;<strong>Alerta Gris<\/strong>, el d\u00eda 6 de enero, estamos en coordinaci\u00f3n para mantenernos preparados para la llegada del frente fr\u00edo que ocasionar\u00e1 un evento de norte con rachas de 95 a 110 kil\u00f3metros por hora (\u2026) En cuanto al tema de playas, desde esta ma\u00f1ana est\u00e1 establecida la bandera roja\u201d, dijo la funcionaria.<\/p>\n\n\n\n<p>La directora de Protecci\u00f3n Civil dijo que los salvavidas permanecer\u00e1n en la playa para vigilar que no ocurra un accidente, se recomienda a los ba\u00f1istas no ingresar a la playa por el oleaje.&nbsp;<\/p>\n\n\n\n<p>Es de mencionar que el&nbsp;<strong>frente fr\u00edo&nbsp;<\/strong>27 traer\u00e1 a costas &nbsp;veracruzanas rachas de viento de hasta 110 kil\u00f3metros por hora, se prev\u00e9 que llegue a la zona conurbada durante la tarde noche de este s\u00e1bado.<\/p>\n","protected":false},"excerpt":{"rendered":"<p>Por el evento de&nbsp;norte&nbsp;que se prev\u00e9 llegue esta tarde de s\u00e1bado, en playas de&nbsp;Boca del R\u00edo&nbsp;se colocaron las banderas rojas, lo que significa que estas zonas est\u00e1n&nbsp;cerradas&nbsp;y no se recomiendan a los ba\u00f1istas no entrar al mar. Emma Cesta Arrieta, directora de Protecci\u00f3n Civil de&nbsp;Boca del R\u00edo, indic\u00f3 que desde esta ma\u00f1ana fueron colocadas las [&hellip;]<\/p>\n","protected":false},"author":8,"featured_media":79065,"comment_status":"open","ping_status":"open","sticky":false,"template":"","format":"standard","meta":{"_monsterinsights_skip_tracking":false,"_monsterinsights_sitenote_active":false,"_monsterinsights_sitenote_note":"","_monsterinsights_sitenote_category":0,"footnotes":""},"categories":[154],"tags":[267,2148,162],"class_list":["post-205949","post","type-post","status-publish","format-standard","has-post-thumbnail","hentry","category-veracruz","tag-norte","tag-playas","tag-portada","wp-image-borders"],"amp_enabled":true,"_links":{"self":[{"href":"https:\/\/nvnoticias.mx\/index.php\/wp-json\/wp\/v2\/posts\/205949","targetHints":{"allow":["GET"]}}],"collection":[{"href":"https:\/\/nvnoticias.mx\/index.php\/wp-json\/wp\/v2\/posts"}],"about":[{"href":"https:\/\/nvnoticias.mx\/index.php\/wp-json\/wp\/v2\/types\/post"}],"author":[{"embeddable":true,"href":"https:\/\/nvnoticias.mx\/index.php\/wp-json\/wp\/v2\/users\/8"}],"replies":[{"embeddable":true,"href":"https:\/\/nvnoticias.mx\/index.php\/wp-json\/wp\/v2\/comments?post=205949"}],"version-history":[{"count":1,"href":"https:\/\/nvnoticias.mx\/index.php\/wp-json\/wp\/v2\/posts\/205949\/revisions"}],"predecessor-version":[{"id":205950,"href":"https:\/\/nvnoticias.mx\/index.php\/wp-json\/wp\/v2\/posts\/205949\/revisions\/205950"}],"wp:featuredmedia":[{"embeddable":true,"href":"https:\/\/nvnoticias.mx\/index.php\/wp-json\/wp\/v2\/media\/79065"}],"wp:attachment":[{"href":"https:\/\/nvnoticias.mx\/index.php\/wp-json\/wp\/v2\/media?parent=205949"}],"wp:term":[{"taxonomy":"category","embeddable":true,"href":"https:\/\/nvnoticias.mx\/index.php\/wp-json\/wp\/v2\/categories?post=205949"},{"taxonomy":"post_tag","embeddable":true,"href":"https:\/\/nvnoticias.mx\/index.php\/wp-json\/wp\/v2\/tags?post=205949"}],"curies":[{"name":"wp","href":"https:\/\/api.w.org\/{rel}","templated":true}]}}