{"id":205946,"date":"2026-01-10T14:35:33","date_gmt":"2026-01-10T20:35:33","guid":{"rendered":"https:\/\/nvnoticias.mx\/?p=205946"},"modified":"2026-01-10T14:35:37","modified_gmt":"2026-01-10T20:35:37","slug":"gerardo-veneroso-va-por-la-cedh-veracruz-y-senala-falta-de-credibilidad-del-organismo","status":"publish","type":"post","link":"https:\/\/nvnoticias.mx\/index.php\/2026\/01\/10\/gerardo-veneroso-va-por-la-cedh-veracruz-y-senala-falta-de-credibilidad-del-organismo\/","title":{"rendered":"Gerardo Veneroso va por la CEDH Veracruz y se\u00f1ala falta de credibilidad del organismo"},"content":{"rendered":"\n<p><\/p>\n\n\n\n<p><strong>Jes\u00fas Utrilla \/\u00a0NV Noticias<\/strong> <\/p>\n\n\n\n<p>En el marco del proceso legislativo para la designaci\u00f3n de la pr\u00f3xima presidencia de la Comisi\u00f3n Estatal de Derechos Humanos de Veracruz (CEDH), el abogado Gerardo Veneroso Barrientos se perfila como uno de los aspirantes que buscan encabezar el organismo para el periodo 2026\u20132031, al asegurar que cuenta con la experiencia jur\u00eddica y social necesaria para devolverle credibilidad y cercan\u00eda con la ciudadan\u00eda.<\/p>\n\n\n\n<p>Veneroso Barrientos forma parte del listado de 12 aspirantes que fueron registrados ante la Congreso del Estado de Veracruz, como parte del procedimiento que conduce la Comisi\u00f3n Permanente de Derechos Humanos y Atenci\u00f3n a Grupos Vulnerables, presidida por el diputado de Morena Omar Blanco Mart\u00ednez.<\/p>\n\n\n\n<p>Durante una entrevista, el abogado fue cr\u00edtico con el desempe\u00f1o reciente del organismo defensor, al se\u00f1alar que la Comisi\u00f3n Estatal de Derechos Humanos \u201cno tiene la credibilidad que deber\u00eda\u201d, particularmente en casos de alto impacto.<\/p>\n\n\n\n<p>\u201cLo vimos con la situaci\u00f3n del periodista del sur del estado, Rafael Le\u00f3n Segovia \u2018Alafita\u2019, donde la Comisi\u00f3n Estatal de Derechos Humanos brill\u00f3 por su ausencia. Independientemente de que se le haya imputado terrorismo, lo cierto es que la Comisi\u00f3n nunca apareci\u00f3\u201d, expres\u00f3.<\/p>\n\n\n\n<p>Afirm\u00f3 que este tipo de omisiones evidencian la necesidad de una transformaci\u00f3n profunda en la instituci\u00f3n, enfocada en la atenci\u00f3n inmediata y efectiva a las v\u00edctimas.<\/p>\n\n\n\n<p>\u201cEsa es la raz\u00f3n por la que hay que trabajar mucho en este tenor y en ese aspecto\u201d, puntualiz\u00f3.<\/p>\n\n\n\n<p>Entre sus principales planteamientos, Gerardo Veneroso propuso la creaci\u00f3n de una l\u00ednea directa o n\u00famero de WhatsApp, similar al modelo del 911, para atender de manera inmediata denuncias y orientaciones en materia de derechos humanos.<\/p>\n\n\n\n<p>\u201cAs\u00ed como se adopt\u00f3 el 911 como llamada de emergencia, debe existir una l\u00ednea directa para atender a la poblaci\u00f3n veracruzana en materia de derechos humanos\u201d, se\u00f1al\u00f3.<\/p>\n\n\n\n<p>Explic\u00f3 que este canal permitir\u00eda dar atenci\u00f3n oportuna a migrantes, turistas, personas adultas mayores, personas con discapacidad, mujeres, ni\u00f1as, ni\u00f1os y cualquier persona que sienta que se est\u00e1n vulnerando sus derechos, haciendo valer los derechos constitucionales sin dilaci\u00f3n.<\/p>\n\n\n\n<p>\u201cDonde se haga valer los derechos constitucionales para cada persona\u201d, subray\u00f3.<\/p>\n\n\n\n<p>Gerardo Veneroso Barrientos es Licenciado en Derecho, con Maestr\u00eda en Derecho Corporativo, y cuenta con m\u00e1s de 15 a\u00f1os de experiencia profesional en materias civil, penal, laboral, mercantil y de amparo, as\u00ed como en la defensa de derechos humanos, vivienda, agua potable, transporte p\u00fablico y derechos laborales.<\/p>\n\n\n\n<p>Ha sido representante legal de colonos, sindicatos, transportistas, trabajadores portuarios y organizaciones civiles, adem\u00e1s de haber impulsado iniciativas de ley ante el Congreso del Estado relacionadas con la modernizaci\u00f3n del transporte p\u00fablico, derechos laborales de trabajadores de plataformas digitales, derecho a la vivienda y regularizaci\u00f3n de colonias.<\/p>\n\n\n\n<p>Tambi\u00e9n se desempe\u00f1\u00f3 como coordinador regional de delegados de transporte en la zona sur del estado, y ha encabezado acciones legales contra cobros excesivos y cortes de agua en el puerto de Veracruz, defendiendo el derecho humano al agua.<\/p>\n\n\n\n<p>De acuerdo con la convocatoria del Congreso del Estado, recepcion\u00f3 opiniones ciudadanas sobre las candidaturas del 27 al 31 de diciembre pasado, mientras que las comparecencias de quienes cumplan con los requisitos legales se estar\u00e1 llevando a cabo del 2 al 15 de enero de 2026, en el Palacio Legislativo de Xalapa.<\/p>\n\n\n\n<p>Posteriormente, la Comisi\u00f3n Permanente elaborar\u00e1 un dictamen con una terna, la cual ser\u00e1 sometida a votaci\u00f3n del Pleno. La persona que resulte electa ocupar\u00e1 la titularidad de la CEDH del 29 de enero de 2026 al 28 de enero de 2031.<\/p>\n\n\n\n<p>Finalmente, Gerardo Veneroso asegur\u00f3 estar preparado para asumir la responsabilidad de encabezar la Comisi\u00f3n Estatal de Derechos Humanos.<\/p>\n\n\n\n<p>\u201cTengo toda la experiencia para poder encabezar la Comisi\u00f3n Estatal de Derechos Humanos\u201d, afirm\u00f3.<\/p>\n\n\n\n<p>Con su postulaci\u00f3n, el abogado busca posicionarse como un perfil con trayectoria jur\u00eddica, contacto social y visi\u00f3n cr\u00edtica, en un proceso clave para el futuro del organismo encargado de la defensa de los derechos humanos en Veracruz.<\/p>\n","protected":false},"excerpt":{"rendered":"<p>Jes\u00fas Utrilla \/\u00a0NV Noticias En el marco del proceso legislativo para la designaci\u00f3n de la pr\u00f3xima presidencia de la Comisi\u00f3n Estatal de Derechos Humanos de Veracruz (CEDH), el abogado Gerardo Veneroso Barrientos se perfila como uno de los aspirantes que buscan encabezar el organismo para el periodo 2026\u20132031, al asegurar que cuenta con la experiencia [&hellip;]<\/p>\n","protected":false},"author":8,"featured_media":205947,"comment_status":"open","ping_status":"open","sticky":false,"template":"","format":"standard","meta":{"_monsterinsights_skip_tracking":false,"_monsterinsights_sitenote_active":false,"_monsterinsights_sitenote_note":"","_monsterinsights_sitenote_category":0,"footnotes":""},"categories":[154],"tags":[353,32892],"class_list":["post-205946","post","type-post","status-publish","format-standard","has-post-thumbnail","hentry","category-veracruz","tag-cedh","tag-gerardo-veneroso","wp-image-borders"],"amp_enabled":true,"_links":{"self":[{"href":"https:\/\/nvnoticias.mx\/index.php\/wp-json\/wp\/v2\/posts\/205946","targetHints":{"allow":["GET"]}}],"collection":[{"href":"https:\/\/nvnoticias.mx\/index.php\/wp-json\/wp\/v2\/posts"}],"about":[{"href":"https:\/\/nvnoticias.mx\/index.php\/wp-json\/wp\/v2\/types\/post"}],"author":[{"embeddable":true,"href":"https:\/\/nvnoticias.mx\/index.php\/wp-json\/wp\/v2\/users\/8"}],"replies":[{"embeddable":true,"href":"https:\/\/nvnoticias.mx\/index.php\/wp-json\/wp\/v2\/comments?post=205946"}],"version-history":[{"count":1,"href":"https:\/\/nvnoticias.mx\/index.php\/wp-json\/wp\/v2\/posts\/205946\/revisions"}],"predecessor-version":[{"id":205948,"href":"https:\/\/nvnoticias.mx\/index.php\/wp-json\/wp\/v2\/posts\/205946\/revisions\/205948"}],"wp:featuredmedia":[{"embeddable":true,"href":"https:\/\/nvnoticias.mx\/index.php\/wp-json\/wp\/v2\/media\/205947"}],"wp:attachment":[{"href":"https:\/\/nvnoticias.mx\/index.php\/wp-json\/wp\/v2\/media?parent=205946"}],"wp:term":[{"taxonomy":"category","embeddable":true,"href":"https:\/\/nvnoticias.mx\/index.php\/wp-json\/wp\/v2\/categories?post=205946"},{"taxonomy":"post_tag","embeddable":true,"href":"https:\/\/nvnoticias.mx\/index.php\/wp-json\/wp\/v2\/tags?post=205946"}],"curies":[{"name":"wp","href":"https:\/\/api.w.org\/{rel}","templated":true}]}}