{"id":205942,"date":"2026-01-10T14:31:09","date_gmt":"2026-01-10T20:31:09","guid":{"rendered":"https:\/\/nvnoticias.mx\/?p=205942"},"modified":"2026-01-10T14:31:14","modified_gmt":"2026-01-10T20:31:14","slug":"un-reto-para-las-pymes-la-jornada-laboral-a-40-horas-y-los-incrementos-al-salario-minimo","status":"publish","type":"post","link":"https:\/\/nvnoticias.mx\/index.php\/2026\/01\/10\/un-reto-para-las-pymes-la-jornada-laboral-a-40-horas-y-los-incrementos-al-salario-minimo\/","title":{"rendered":"Un reto para las pymes la jornada laboral a 40 horas y los incrementos al salario m\u00ednimo"},"content":{"rendered":"\n<p><br><strong>Jes\u00fas Utrilla \/ NV Noticias <\/strong><\/p>\n\n\n\n<p><br>La reducci\u00f3n de la jornada laboral a 40 horas y los incrementos al salario m\u00ednimo representan un reto para el sector comercio, especialmente para las micro, peque\u00f1as y medianas empresas, reconoci\u00f3 el presidente de Canaco Veracruz, Jos\u00e9 Tom\u00e1s M\u00e9ndez Valerio.<\/p>\n\n\n\n<p><br>Sin embargo, transici\u00f3n hacia la jornada de 40 horas ser\u00e1 gradual, lo que permitir\u00e1 a los negocios prepararse para adaptar sus esquemas laborales sin afectar de manera abrupta su operaci\u00f3n.<\/p>\n\n\n\n<p><br>\u201cLa jornada laboral de las 40 horas va a ser paulatinamente. Iniciamos en 2027 y vamos a tener un lapso para prepararnos y manejar las condiciones propicias para pasar de 48 a 40 horas. Ese tiempo es importante para poder organizarnos\u201d.<\/p>\n\n\n\n<p><br>Respecto al salario m\u00ednimo, aclar\u00f3 que el sector comercio no est\u00e1 en contra de los beneficios para los trabajadores, aunque los incrementos salariales tambi\u00e9n generan mayores cargas para los negocios, sobre todo ante la inflaci\u00f3n y costos crecientes.<\/p>\n\n\n\n<p><br>\u201cEl aumento del salario beneficia a los trabajadores, no estamos en contra de ellos, pero s\u00ed afecta al comercio, a los propietarios, porque hay m\u00e1s impuestos y m\u00e1s gastos. Los pymes y mipymes, que son m\u00e1s del 90 por ciento de la econom\u00eda, son los que m\u00e1s resienten estos incrementos\u201d.<\/p>\n\n\n\n<p><br>M\u00e9ndez Valerio reconoci\u00f3 que algunas empresas se ven obligadas a realizar ajustes para subsistir, aunque la reducci\u00f3n de personal no es una soluci\u00f3n ideal, ya que fomenta la informalidad.<\/p>\n","protected":false},"excerpt":{"rendered":"<p>Jes\u00fas Utrilla \/ NV Noticias La reducci\u00f3n de la jornada laboral a 40 horas y los incrementos al salario m\u00ednimo representan un reto para el sector comercio, especialmente para las micro, peque\u00f1as y medianas empresas, reconoci\u00f3 el presidente de Canaco Veracruz, Jos\u00e9 Tom\u00e1s M\u00e9ndez Valerio. Sin embargo, transici\u00f3n hacia la jornada de 40 horas ser\u00e1 [&hellip;]<\/p>\n","protected":false},"author":8,"featured_media":127913,"comment_status":"open","ping_status":"open","sticky":false,"template":"","format":"standard","meta":{"_monsterinsights_skip_tracking":false,"_monsterinsights_sitenote_active":false,"_monsterinsights_sitenote_note":"","_monsterinsights_sitenote_category":0,"footnotes":""},"categories":[154],"tags":[24964,3534,4110],"class_list":["post-205942","post","type-post","status-publish","format-standard","has-post-thumbnail","hentry","category-veracruz","tag-jornada-laboral","tag-pymes","tag-reduccion","wp-image-borders"],"amp_enabled":true,"_links":{"self":[{"href":"https:\/\/nvnoticias.mx\/index.php\/wp-json\/wp\/v2\/posts\/205942","targetHints":{"allow":["GET"]}}],"collection":[{"href":"https:\/\/nvnoticias.mx\/index.php\/wp-json\/wp\/v2\/posts"}],"about":[{"href":"https:\/\/nvnoticias.mx\/index.php\/wp-json\/wp\/v2\/types\/post"}],"author":[{"embeddable":true,"href":"https:\/\/nvnoticias.mx\/index.php\/wp-json\/wp\/v2\/users\/8"}],"replies":[{"embeddable":true,"href":"https:\/\/nvnoticias.mx\/index.php\/wp-json\/wp\/v2\/comments?post=205942"}],"version-history":[{"count":1,"href":"https:\/\/nvnoticias.mx\/index.php\/wp-json\/wp\/v2\/posts\/205942\/revisions"}],"predecessor-version":[{"id":205943,"href":"https:\/\/nvnoticias.mx\/index.php\/wp-json\/wp\/v2\/posts\/205942\/revisions\/205943"}],"wp:featuredmedia":[{"embeddable":true,"href":"https:\/\/nvnoticias.mx\/index.php\/wp-json\/wp\/v2\/media\/127913"}],"wp:attachment":[{"href":"https:\/\/nvnoticias.mx\/index.php\/wp-json\/wp\/v2\/media?parent=205942"}],"wp:term":[{"taxonomy":"category","embeddable":true,"href":"https:\/\/nvnoticias.mx\/index.php\/wp-json\/wp\/v2\/categories?post=205942"},{"taxonomy":"post_tag","embeddable":true,"href":"https:\/\/nvnoticias.mx\/index.php\/wp-json\/wp\/v2\/tags?post=205942"}],"curies":[{"name":"wp","href":"https:\/\/api.w.org\/{rel}","templated":true}]}}