{"id":205933,"date":"2026-01-10T14:06:12","date_gmt":"2026-01-10T20:06:12","guid":{"rendered":"https:\/\/nvnoticias.mx\/?p=205933"},"modified":"2026-01-10T14:06:17","modified_gmt":"2026-01-10T20:06:17","slug":"baja-la-produccion-de-maiz-y-arroz-en-veracruz","status":"publish","type":"post","link":"https:\/\/nvnoticias.mx\/index.php\/2026\/01\/10\/baja-la-produccion-de-maiz-y-arroz-en-veracruz\/","title":{"rendered":"Baja la producci\u00f3n de ma\u00edz y arroz en Veracruz"},"content":{"rendered":"\n<p><\/p>\n\n\n\n<p><strong>\u00c1ngel Hern\u00e1ndez \/ NV Noticias<\/strong><\/p>\n\n\n\n<p>La entidad veracruzana ha registrado una baja en cuanto a la producci\u00f3n de ma\u00edz y arroz en los \u00faltimos a\u00f1os, dio a conocer Luis G\u00f3mez Garay, dirigente nacional de la Uni\u00f3n General Obrera, Campesina y Popular (UGOCP). De acuerdo al ganadero, la situaci\u00f3n se da por la falta de pol\u00edticas p\u00fablicas eficaces para el desarrollo del campo.<\/p>\n\n\n\n<p>Record\u00f3 que Veracruz se mantuvo durante a\u00f1os como uno de los principales productores de ma\u00edz a nivel nacional, llegando a tener una superficie sembrada de hasta 44 mil hect\u00e1reas, sin embargo, actualmente solo se destinan 300 hect\u00e1reas para dicho cultivo.<\/p>\n\n\n\n<p>Agreg\u00f3 que lo mismo sucede con el arroz, producto en el que tambi\u00e9n destac\u00f3 hist\u00f3ricamente el estado. Al d\u00eda de hoy los molinos arroceros se ven obligados a importar el grano, principalmente de pa\u00edses asi\u00e1ticos para as\u00ed poder cumplir la demanda interna.<\/p>\n\n\n\n<p>&#8220;Hoy en Veracruz no hay m\u00e1s de 300 hect\u00e1reas sembradas de ma\u00edz cuando antes lleg\u00e1bamos a cerca de 45 mil. En el caso del arroz, los molinos pr\u00e1cticamente lo est\u00e1n importando para procesarlo y distribuirlo\u201d, expres\u00f3.<\/p>\n\n\n\n<p>El l\u00edder ganadero alert\u00f3 que la situaci\u00f3n no es exclusiva de Veracruz, ya que se repite en diversas regiones del pa\u00eds y representa un riesgo para la autosuficiencia alimentaria de M\u00e9xico al incrementarse la dependencia de importaciones de productos b\u00e1sicos como el ma\u00edz.<\/p>\n\n\n\n<p>G\u00f3mez Garay refiri\u00f3 que la entrega de apoyos econ\u00f3mica carecen de una estrategia orientada a incrementar la productividad, pues se abandon\u00f3 la inversi\u00f3n en desarrollo productivo, financiamiento, infraestructura y fortalecimos del sector rural.<\/p>\n\n\n\n<p>\u201cEl desarrollo productivo de nuestras comunidades est\u00e1 completamente estancado. No estamos impulsando la competitividad de los productores y eso se traduce en una ca\u00edda brutal de la capacidad nacional para producir alimentos\u201d, remarc\u00f3.<\/p>\n\n\n\n<p>El titular de la UGOCP se\u00f1al\u00f3 que el pa\u00eds \u00fanicamente es competitivo en algunos productos agr\u00edcolas que no son parte de la canasta b\u00e1sica y solo atienden a mercados espec\u00edficos del extranjero, sin contribuir a la cobertura de necesidades alimentarias de la pobladores.<\/p>\n","protected":false},"excerpt":{"rendered":"<p>\u00c1ngel Hern\u00e1ndez \/ NV Noticias La entidad veracruzana ha registrado una baja en cuanto a la producci\u00f3n de ma\u00edz y arroz en los \u00faltimos a\u00f1os, dio a conocer Luis G\u00f3mez Garay, dirigente nacional de la Uni\u00f3n General Obrera, Campesina y Popular (UGOCP). De acuerdo al ganadero, la situaci\u00f3n se da por la falta de pol\u00edticas [&hellip;]<\/p>\n","protected":false},"author":8,"featured_media":131724,"comment_status":"open","ping_status":"open","sticky":false,"template":"","format":"standard","meta":{"_monsterinsights_skip_tracking":false,"_monsterinsights_sitenote_active":false,"_monsterinsights_sitenote_note":"","_monsterinsights_sitenote_category":0,"footnotes":""},"categories":[154],"tags":[9155,315,162,2073],"class_list":["post-205933","post","type-post","status-publish","format-standard","has-post-thumbnail","hentry","category-veracruz","tag-arroz","tag-maiz","tag-portada","tag-produccion","wp-image-borders"],"amp_enabled":true,"_links":{"self":[{"href":"https:\/\/nvnoticias.mx\/index.php\/wp-json\/wp\/v2\/posts\/205933","targetHints":{"allow":["GET"]}}],"collection":[{"href":"https:\/\/nvnoticias.mx\/index.php\/wp-json\/wp\/v2\/posts"}],"about":[{"href":"https:\/\/nvnoticias.mx\/index.php\/wp-json\/wp\/v2\/types\/post"}],"author":[{"embeddable":true,"href":"https:\/\/nvnoticias.mx\/index.php\/wp-json\/wp\/v2\/users\/8"}],"replies":[{"embeddable":true,"href":"https:\/\/nvnoticias.mx\/index.php\/wp-json\/wp\/v2\/comments?post=205933"}],"version-history":[{"count":1,"href":"https:\/\/nvnoticias.mx\/index.php\/wp-json\/wp\/v2\/posts\/205933\/revisions"}],"predecessor-version":[{"id":205934,"href":"https:\/\/nvnoticias.mx\/index.php\/wp-json\/wp\/v2\/posts\/205933\/revisions\/205934"}],"wp:featuredmedia":[{"embeddable":true,"href":"https:\/\/nvnoticias.mx\/index.php\/wp-json\/wp\/v2\/media\/131724"}],"wp:attachment":[{"href":"https:\/\/nvnoticias.mx\/index.php\/wp-json\/wp\/v2\/media?parent=205933"}],"wp:term":[{"taxonomy":"category","embeddable":true,"href":"https:\/\/nvnoticias.mx\/index.php\/wp-json\/wp\/v2\/categories?post=205933"},{"taxonomy":"post_tag","embeddable":true,"href":"https:\/\/nvnoticias.mx\/index.php\/wp-json\/wp\/v2\/tags?post=205933"}],"curies":[{"name":"wp","href":"https:\/\/api.w.org\/{rel}","templated":true}]}}