{"id":205915,"date":"2026-01-09T13:54:39","date_gmt":"2026-01-09T19:54:39","guid":{"rendered":"https:\/\/nvnoticias.mx\/?p=205915"},"modified":"2026-01-09T13:54:43","modified_gmt":"2026-01-09T19:54:43","slug":"continuan-avances-sobre-homicidio-de-dos-colaboradores-de-brugada-harfuch","status":"publish","type":"post","link":"https:\/\/nvnoticias.mx\/index.php\/2026\/01\/09\/continuan-avances-sobre-homicidio-de-dos-colaboradores-de-brugada-harfuch\/","title":{"rendered":"Contin\u00faan avances sobre homicidio de dos colaboradores de Brugada: Harfuch"},"content":{"rendered":"\n<p>El secretario de Seguridad y Protecci\u00f3n Ciudadana, Omar Garc\u00eda Harfuch, asegur\u00f3 que la investigaci\u00f3n sobre el homicidio de dos colaboradores de la jefa de Gobierno de la Ciudad de M\u00e9xico, Clara Brugada, \u201cno ha dejado de haber avances, las detenciones se han seguido dando hasta detener a todos los responsables\u201d.<\/p>\n\n\n\n<p>Afirm\u00f3 que \u201cva m\u00e1s de una docena\u201d de personas aprehendidas. \u201cEs un caso muy sensible; detenidos ha estado habiendo continuamente, vamos a continuar, pero es una investigaci\u00f3n cerrada que en su momento se informar\u00e1\u201d.<\/p>\n\n\n\n<p>Sostuvo, que en el caso, est\u00e1n trabajando de manera coordinada la Fiscal\u00eda General de Justicia de la Ciudad de M\u00e9xico, la polic\u00eda de la Ciudad de M\u00e9xico, Fiscal\u00eda General de la Rep\u00fablica, as\u00ed como la Secretar\u00eda de Seguridad y Protecci\u00f3n Ciudadana.<\/p>\n\n\n\n<p>Fuente: La <a href=\"https:\/\/www.jornada.com.mx\/noticia\/2026\/01\/09\/capital\/continuan-avances-en-investigacion-sobre-homicidio-de-dos-colaboradores-de-brugada-harfuch\">Jornada<\/a> <\/p>\n","protected":false},"excerpt":{"rendered":"<p>El secretario de Seguridad y Protecci\u00f3n Ciudadana, Omar Garc\u00eda Harfuch, asegur\u00f3 que la investigaci\u00f3n sobre el homicidio de dos colaboradores de la jefa de Gobierno de la Ciudad de M\u00e9xico, Clara Brugada, \u201cno ha dejado de haber avances, las detenciones se han seguido dando hasta detener a todos los responsables\u201d. Afirm\u00f3 que \u201cva m\u00e1s de [&hellip;]<\/p>\n","protected":false},"author":35,"featured_media":205918,"comment_status":"open","ping_status":"open","sticky":false,"template":"","format":"standard","meta":{"_monsterinsights_skip_tracking":false,"_monsterinsights_sitenote_active":false,"_monsterinsights_sitenote_note":"","_monsterinsights_sitenote_category":0,"footnotes":""},"categories":[157],"tags":[28227,16481],"class_list":["post-205915","post","type-post","status-publish","format-standard","has-post-thumbnail","hentry","category-nacional","tag-clara-de-brugada","tag-omar-garcia-harfuch","wp-image-borders"],"amp_enabled":true,"_links":{"self":[{"href":"https:\/\/nvnoticias.mx\/index.php\/wp-json\/wp\/v2\/posts\/205915","targetHints":{"allow":["GET"]}}],"collection":[{"href":"https:\/\/nvnoticias.mx\/index.php\/wp-json\/wp\/v2\/posts"}],"about":[{"href":"https:\/\/nvnoticias.mx\/index.php\/wp-json\/wp\/v2\/types\/post"}],"author":[{"embeddable":true,"href":"https:\/\/nvnoticias.mx\/index.php\/wp-json\/wp\/v2\/users\/35"}],"replies":[{"embeddable":true,"href":"https:\/\/nvnoticias.mx\/index.php\/wp-json\/wp\/v2\/comments?post=205915"}],"version-history":[{"count":2,"href":"https:\/\/nvnoticias.mx\/index.php\/wp-json\/wp\/v2\/posts\/205915\/revisions"}],"predecessor-version":[{"id":205917,"href":"https:\/\/nvnoticias.mx\/index.php\/wp-json\/wp\/v2\/posts\/205915\/revisions\/205917"}],"wp:featuredmedia":[{"embeddable":true,"href":"https:\/\/nvnoticias.mx\/index.php\/wp-json\/wp\/v2\/media\/205918"}],"wp:attachment":[{"href":"https:\/\/nvnoticias.mx\/index.php\/wp-json\/wp\/v2\/media?parent=205915"}],"wp:term":[{"taxonomy":"category","embeddable":true,"href":"https:\/\/nvnoticias.mx\/index.php\/wp-json\/wp\/v2\/categories?post=205915"},{"taxonomy":"post_tag","embeddable":true,"href":"https:\/\/nvnoticias.mx\/index.php\/wp-json\/wp\/v2\/tags?post=205915"}],"curies":[{"name":"wp","href":"https:\/\/api.w.org\/{rel}","templated":true}]}}