{"id":205892,"date":"2026-01-09T13:37:47","date_gmt":"2026-01-09T19:37:47","guid":{"rendered":"https:\/\/nvnoticias.mx\/?p=205892"},"modified":"2026-01-09T13:37:51","modified_gmt":"2026-01-09T19:37:51","slug":"eu-reduce-despliegue-militar-en-el-caribe","status":"publish","type":"post","link":"https:\/\/nvnoticias.mx\/index.php\/2026\/01\/09\/eu-reduce-despliegue-militar-en-el-caribe\/","title":{"rendered":"EU reduce despliegue militar en el Caribe"},"content":{"rendered":"\n<p>El ej\u00e9rcito de Estados Unidos redujo el volumen de la flota que mantiene desplegada desde el verano en el Caribe, tras la operaci\u00f3n del pasado 3 de enero, en la cual secuestr\u00f3 al presidente venezolano, Nicol\u00e1s Maduro, y traslad\u00f3 dos buques de transporte anfibio a aguas al norte de Cuba como parte de su reorganizaci\u00f3n, inform\u00f3 el diario&nbsp;<em>The New York Times.&nbsp;<\/em><\/p>\n\n\n\n<p>Funcionarios an\u00f3nimos citados por el rotativo indicaron que el contingente comenz\u00f3 a reducirse pese a que la administraci\u00f3n de Donald Trump asegur\u00f3 que mantendr\u00e1 nav\u00edos desplegados en la regi\u00f3n y las operaciones para destruir, sin haber presentado pruebas, las presuntas narcolanchas en el Caribe.<\/p>\n\n\n\n<p>Estos movimientos incluyen el traslado del&nbsp;<em>Iwo Jima<\/em>&nbsp;y el<em>&nbsp;San Antonio<\/em>, ambos buques de transporte de tropas para desembarco anfibio, a aguas al norte de Cuba en el Oc\u00e9ano Atl\u00e1ntico.<\/p>\n\n\n\n<p><strong>EU mantendr\u00e1 despliegue militar en el Caribe<\/strong><\/p>\n\n\n\n<p>Estos movimientos reducir\u00edan el n\u00famero de tropas estadunidenses en el Caribe en aproximadamente 3 mil hasta dejarlo en 12 mil efectivos, a\u00f1ade el diario.<\/p>\n\n\n\n<p>A su vez, al menos uno de estos dos buques podr\u00eda regresar al puerto base que ambos nav\u00edos tienen en Norfolk, estado de Virginia, en las pr\u00f3ximas semanas, indic\u00f3 uno de los funcionarios citados.<\/p>\n\n\n\n<p>Desde el pasado verano y en el marco de su campa\u00f1a para presionar a Maduro para que abandonara el poder, Washington mantuvo el mayor despliegue militar jam\u00e1s visto en el Caribe, lo que incluye el env\u00edo de destructores, buques de transporte anfibio y el portaaviones&nbsp;<em>Gerald Ford<\/em>, el mayor y m\u00e1s moderno del mundo.<\/p>\n\n\n\n<p>Fuente: La <a href=\"https:\/\/www.jornada.com.mx\/noticia\/2026\/01\/09\/mundo\/eu-reduce-despliegue-militar-en-el-caribe-traslada-buques-anfibios-al-norte-de-cuba-informa-nyt\">Jornada<\/a> <\/p>\n","protected":false},"excerpt":{"rendered":"<p>El ej\u00e9rcito de Estados Unidos redujo el volumen de la flota que mantiene desplegada desde el verano en el Caribe, tras la operaci\u00f3n del pasado 3 de enero, en la cual secuestr\u00f3 al presidente venezolano, Nicol\u00e1s Maduro, y traslad\u00f3 dos buques de transporte anfibio a aguas al norte de Cuba como parte de su reorganizaci\u00f3n, [&hellip;]<\/p>\n","protected":false},"author":35,"featured_media":205894,"comment_status":"open","ping_status":"open","sticky":false,"template":"","format":"standard","meta":{"_monsterinsights_skip_tracking":false,"_monsterinsights_sitenote_active":false,"_monsterinsights_sitenote_note":"","_monsterinsights_sitenote_category":0,"footnotes":""},"categories":[181],"tags":[876,183],"class_list":["post-205892","post","type-post","status-publish","format-standard","has-post-thumbnail","hentry","category-internacional","tag-caribe","tag-estados-unidos","wp-image-borders"],"amp_enabled":true,"_links":{"self":[{"href":"https:\/\/nvnoticias.mx\/index.php\/wp-json\/wp\/v2\/posts\/205892","targetHints":{"allow":["GET"]}}],"collection":[{"href":"https:\/\/nvnoticias.mx\/index.php\/wp-json\/wp\/v2\/posts"}],"about":[{"href":"https:\/\/nvnoticias.mx\/index.php\/wp-json\/wp\/v2\/types\/post"}],"author":[{"embeddable":true,"href":"https:\/\/nvnoticias.mx\/index.php\/wp-json\/wp\/v2\/users\/35"}],"replies":[{"embeddable":true,"href":"https:\/\/nvnoticias.mx\/index.php\/wp-json\/wp\/v2\/comments?post=205892"}],"version-history":[{"count":3,"href":"https:\/\/nvnoticias.mx\/index.php\/wp-json\/wp\/v2\/posts\/205892\/revisions"}],"predecessor-version":[{"id":205896,"href":"https:\/\/nvnoticias.mx\/index.php\/wp-json\/wp\/v2\/posts\/205892\/revisions\/205896"}],"wp:featuredmedia":[{"embeddable":true,"href":"https:\/\/nvnoticias.mx\/index.php\/wp-json\/wp\/v2\/media\/205894"}],"wp:attachment":[{"href":"https:\/\/nvnoticias.mx\/index.php\/wp-json\/wp\/v2\/media?parent=205892"}],"wp:term":[{"taxonomy":"category","embeddable":true,"href":"https:\/\/nvnoticias.mx\/index.php\/wp-json\/wp\/v2\/categories?post=205892"},{"taxonomy":"post_tag","embeddable":true,"href":"https:\/\/nvnoticias.mx\/index.php\/wp-json\/wp\/v2\/tags?post=205892"}],"curies":[{"name":"wp","href":"https:\/\/api.w.org\/{rel}","templated":true}]}}