{"id":205855,"date":"2026-01-09T09:39:15","date_gmt":"2026-01-09T15:39:15","guid":{"rendered":"https:\/\/nvnoticias.mx\/?p=205855"},"modified":"2026-01-09T09:39:20","modified_gmt":"2026-01-09T15:39:20","slug":"sheinbaum-instruye-a-cancilleria-contactar-a-rubio-tras-dicho-de-trump-sobre-combate-a-carteles","status":"publish","type":"post","link":"https:\/\/nvnoticias.mx\/index.php\/2026\/01\/09\/sheinbaum-instruye-a-cancilleria-contactar-a-rubio-tras-dicho-de-trump-sobre-combate-a-carteles\/","title":{"rendered":"Sheinbaum instruye a Canciller\u00eda contactar a Rubio tras dicho de Trump sobre combate a c\u00e1rteles"},"content":{"rendered":"\n<p>Ante los nuevos posicionamientos del presidente Donald Trump de combate a los c\u00e1rteles, la presidenta Claudia Sheinbaum dijo que si bien hay mecanismos de entendimiento bilateral que regulan la colaboraci\u00f3n en materia de seguridad, instruy\u00f3 al secretario de Relaciones Exteriores, Juan Ram\u00f3n de la Fuente, a entrar en contacto con el titular del Departamento de Estado, Marco Rubio.<\/p>\n\n\n\n<p>Aunque reiter\u00f3 que hay formas de comunicar del Jefe de La Casa Blanca, dijo que si es necesario podr\u00eda hablar telef\u00f3nicamente con Trump para fortalecer los mecanismos de colaboraci\u00f3n en materia de seguridad entre M\u00e9xico y Estados Unidos.<\/p>\n\n\n\n<p>Sobre eventual presencia de embarcaciones estadunidenses militares como ocurriera en Venezuela previamente a la intervenci\u00f3n, dijo que hay entendimiento entre la Guardia Costera y el Comando Norte con la Secretar\u00eda de Marina para colaborar en la incautaci\u00f3n de estas naves en el mar territorial de M\u00e9xico. Seg\u00fan este mecanismo pactado, si hay embarcaciones sospechosas la Guardia Costera notificar\u00eda a la Secretar\u00eda de Marina para que esta desplegar\u00e1 acciones para incautarlas.<\/p>\n\n\n\n<p>En conferencia realizada en este puerto, dijo: \u201cNo queremos pensar en otro escenario, sino en una coordinaci\u00f3n m\u00e1s estrecha en el marco de la defensa de la soberan\u00eda\u201d.&nbsp;<\/p>\n\n\n\n<p>Por otro lado, coment\u00f3 que en su conversaci\u00f3n con el presidente de Brasil. Luis In\u00e1cio Lula da Silva dijo que la invit\u00f3 a visitar Brasil en mayo, propuesta que evaluar\u00e1; hablaron sobre mayor relaci\u00f3n econ\u00f3mica a partir de la visita de empresarios brasile\u00f1os a M\u00e9xico y conversaron sobre la violencia contra la mujer en ambos pa\u00edses.<\/p>\n\n\n\n<p>Fuente: La <a href=\"https:\/\/www.jornada.com.mx\/noticia\/2026\/01\/09\/politica\/sheinbaum-instruye-a-de-la-fuente-contactar-a-rubio-tras-dicho-de-trump-sobre-combate-a-carteles\">Jornada <\/a><\/p>\n","protected":false},"excerpt":{"rendered":"<p>Ante los nuevos posicionamientos del presidente Donald Trump de combate a los c\u00e1rteles, la presidenta Claudia Sheinbaum dijo que si bien hay mecanismos de entendimiento bilateral que regulan la colaboraci\u00f3n en materia de seguridad, instruy\u00f3 al secretario de Relaciones Exteriores, Juan Ram\u00f3n de la Fuente, a entrar en contacto con el titular del Departamento de [&hellip;]<\/p>\n","protected":false},"author":35,"featured_media":205858,"comment_status":"open","ping_status":"open","sticky":false,"template":"","format":"standard","meta":{"_monsterinsights_skip_tracking":false,"_monsterinsights_sitenote_active":false,"_monsterinsights_sitenote_note":"","_monsterinsights_sitenote_category":0,"footnotes":""},"categories":[158],"tags":[2801,183,292,162],"class_list":["post-205855","post","type-post","status-publish","format-standard","has-post-thumbnail","hentry","category-politica","tag-claudia-sheinbaum","tag-estados-unidos","tag-mexico","tag-portada","wp-image-borders"],"amp_enabled":true,"_links":{"self":[{"href":"https:\/\/nvnoticias.mx\/index.php\/wp-json\/wp\/v2\/posts\/205855","targetHints":{"allow":["GET"]}}],"collection":[{"href":"https:\/\/nvnoticias.mx\/index.php\/wp-json\/wp\/v2\/posts"}],"about":[{"href":"https:\/\/nvnoticias.mx\/index.php\/wp-json\/wp\/v2\/types\/post"}],"author":[{"embeddable":true,"href":"https:\/\/nvnoticias.mx\/index.php\/wp-json\/wp\/v2\/users\/35"}],"replies":[{"embeddable":true,"href":"https:\/\/nvnoticias.mx\/index.php\/wp-json\/wp\/v2\/comments?post=205855"}],"version-history":[{"count":3,"href":"https:\/\/nvnoticias.mx\/index.php\/wp-json\/wp\/v2\/posts\/205855\/revisions"}],"predecessor-version":[{"id":205859,"href":"https:\/\/nvnoticias.mx\/index.php\/wp-json\/wp\/v2\/posts\/205855\/revisions\/205859"}],"wp:featuredmedia":[{"embeddable":true,"href":"https:\/\/nvnoticias.mx\/index.php\/wp-json\/wp\/v2\/media\/205858"}],"wp:attachment":[{"href":"https:\/\/nvnoticias.mx\/index.php\/wp-json\/wp\/v2\/media?parent=205855"}],"wp:term":[{"taxonomy":"category","embeddable":true,"href":"https:\/\/nvnoticias.mx\/index.php\/wp-json\/wp\/v2\/categories?post=205855"},{"taxonomy":"post_tag","embeddable":true,"href":"https:\/\/nvnoticias.mx\/index.php\/wp-json\/wp\/v2\/tags?post=205855"}],"curies":[{"name":"wp","href":"https:\/\/api.w.org\/{rel}","templated":true}]}}