{"id":205850,"date":"2026-01-09T09:35:49","date_gmt":"2026-01-09T15:35:49","guid":{"rendered":"https:\/\/nvnoticias.mx\/?p=205850"},"modified":"2026-01-09T09:35:54","modified_gmt":"2026-01-09T15:35:54","slug":"trump-cancela-segunda-ola-de-ataques-contra-venezuela","status":"publish","type":"post","link":"https:\/\/nvnoticias.mx\/index.php\/2026\/01\/09\/trump-cancela-segunda-ola-de-ataques-contra-venezuela\/","title":{"rendered":"Trump cancela segunda ola de ataques contra Venezuela"},"content":{"rendered":"\n<p>El presidente estadunidense, Donald Trump, anunci\u00f3 este viernes que ha &#8220;cancelado la segunda ola de ataques prevista&#8221; contra Venezuela, debido a su &#8220;cooperaci\u00f3n&#8221; con Estados Unidos.<\/p>\n\n\n\n<p>\u201cVenezuela est\u00e1 liberando a un gran n\u00famero de presos pol\u00edticos como muestra de su \u2018b\u00fasqueda de la paz\u2019. Este es un gesto muy importante e inteligente. Estados Unidos y Venezuela est\u00e1n colaborando eficazmente, especialmente en la reconstrucci\u00f3n, de una forma mucho mayor, mejor y m\u00e1s moderna, de su infraestructura de petr\u00f3leo y gas. Gracias a esta cooperaci\u00f3n, he cancelado la segunda ola de ataques, prevista previamente, que parece innecesaria. Sin embargo, todos los barcos permanecer\u00e1n en sus posiciones por motivos de seguridad\u201d, escribi\u00f3 el magnate en Truth Social.<\/p>\n\n\n\n<p>A\u00f1adi\u00f3 que las \u201cgrandes petroleras\u201d, con quienes se reunir\u00e1 hoy en la Casa Blanca, \u201cinvertir\u00e1n al menos 100 mil millones de d\u00f3lares\u201d en la naci\u00f3n bolivariana.<\/p>\n\n\n\n<p>El primer ataque contra Caracas tuvo lugar la semana pasada y fue ordenado por Trump para secuestrar al presidente, Nicol\u00e1s Maduro, y su esposa, Cilia Flores, quienes fueron llevados a Nueva York, donde enfrentan un juicio por delitos de narcotr\u00e1fico.<\/p>\n\n\n\n<p>Fuente: La <a href=\"https:\/\/www.jornada.com.mx\/noticia\/2026\/01\/09\/mundo\/trump-cancela-segunda-ola-de-ataques-contra-venezuela-por-cooperacion-con-eu\">Jornada<\/a> <\/p>\n","protected":false},"excerpt":{"rendered":"<p>El presidente estadunidense, Donald Trump, anunci\u00f3 este viernes que ha &#8220;cancelado la segunda ola de ataques prevista&#8221; contra Venezuela, debido a su &#8220;cooperaci\u00f3n&#8221; con Estados Unidos. \u201cVenezuela est\u00e1 liberando a un gran n\u00famero de presos pol\u00edticos como muestra de su \u2018b\u00fasqueda de la paz\u2019. Este es un gesto muy importante e inteligente. Estados Unidos y [&hellip;]<\/p>\n","protected":false},"author":35,"featured_media":205854,"comment_status":"open","ping_status":"open","sticky":false,"template":"","format":"standard","meta":{"_monsterinsights_skip_tracking":false,"_monsterinsights_sitenote_active":false,"_monsterinsights_sitenote_note":"","_monsterinsights_sitenote_category":0,"footnotes":""},"categories":[181],"tags":[230,1540],"class_list":["post-205850","post","type-post","status-publish","format-standard","has-post-thumbnail","hentry","category-internacional","tag-donald-trump","tag-venezuela","wp-image-borders"],"amp_enabled":true,"_links":{"self":[{"href":"https:\/\/nvnoticias.mx\/index.php\/wp-json\/wp\/v2\/posts\/205850","targetHints":{"allow":["GET"]}}],"collection":[{"href":"https:\/\/nvnoticias.mx\/index.php\/wp-json\/wp\/v2\/posts"}],"about":[{"href":"https:\/\/nvnoticias.mx\/index.php\/wp-json\/wp\/v2\/types\/post"}],"author":[{"embeddable":true,"href":"https:\/\/nvnoticias.mx\/index.php\/wp-json\/wp\/v2\/users\/35"}],"replies":[{"embeddable":true,"href":"https:\/\/nvnoticias.mx\/index.php\/wp-json\/wp\/v2\/comments?post=205850"}],"version-history":[{"count":3,"href":"https:\/\/nvnoticias.mx\/index.php\/wp-json\/wp\/v2\/posts\/205850\/revisions"}],"predecessor-version":[{"id":205853,"href":"https:\/\/nvnoticias.mx\/index.php\/wp-json\/wp\/v2\/posts\/205850\/revisions\/205853"}],"wp:featuredmedia":[{"embeddable":true,"href":"https:\/\/nvnoticias.mx\/index.php\/wp-json\/wp\/v2\/media\/205854"}],"wp:attachment":[{"href":"https:\/\/nvnoticias.mx\/index.php\/wp-json\/wp\/v2\/media?parent=205850"}],"wp:term":[{"taxonomy":"category","embeddable":true,"href":"https:\/\/nvnoticias.mx\/index.php\/wp-json\/wp\/v2\/categories?post=205850"},{"taxonomy":"post_tag","embeddable":true,"href":"https:\/\/nvnoticias.mx\/index.php\/wp-json\/wp\/v2\/tags?post=205850"}],"curies":[{"name":"wp","href":"https:\/\/api.w.org\/{rel}","templated":true}]}}