{"id":205753,"date":"2026-01-08T12:29:18","date_gmt":"2026-01-08T18:29:18","guid":{"rendered":"https:\/\/nvnoticias.mx\/?p=205753"},"modified":"2026-01-08T12:29:23","modified_gmt":"2026-01-08T18:29:23","slug":"jorge-rodriguez-anuncio-la-liberacion-de-un-numero-importante-de-presos-politicos-en-venezuela","status":"publish","type":"post","link":"https:\/\/nvnoticias.mx\/index.php\/2026\/01\/08\/jorge-rodriguez-anuncio-la-liberacion-de-un-numero-importante-de-presos-politicos-en-venezuela\/","title":{"rendered":"Jorge Rodr\u00edguez anunci\u00f3 la liberaci\u00f3n de \u201cun n\u00famero importante\u201d de presos pol\u00edticos en Venezuela"},"content":{"rendered":"\n<p>El titular de la Asamblea venezolana,&nbsp;<strong>Jorge Rodr\u00edguez<\/strong>, asegur\u00f3 que el r\u00e9gimen decidi\u00f3 la liberaci\u00f3n de algunos de los cientos de presos pol\u00edticos que se encuentran en c\u00e1rceles del pa\u00eds.<\/p>\n\n\n\n<p><a href=\"https:\/\/www.infobae.com\/venezuela\/2026\/01\/07\/por-que-no-se-disparo-un-solo-misil-las-incognitas-tras-la-operacion-que-extrajo-a-nicolas-maduro-de-caracas\/\" target=\"_blank\" rel=\"noreferrer noopener\"><\/a><\/p>\n\n\n\n<p>En un discurso, Rodr\u00edguez anunci\u00f3: \u201cEl gobierno bolivariano, junto a las instituciones del Estado, ha decidido la<strong>&nbsp;puesta en libertad de un n\u00famero importante de personas venezolanas y extranjeras, y estos procesos de excarcelaci\u00f3n est\u00e1n ocurriendo desde este mismo momento\u201d.<\/strong><\/p>\n\n\n\n<p>\u201cConsid\u00e9rese este gesto del gobierno bolivariano, de amplia intenci\u00f3n de b\u00fasqueda de la paz, como el aporte que todas y todos debemos hacer para lograr que nuestra rep\u00fablica contin\u00fae su vida pac\u00edfica y en b\u00fasqueda de la prosperidad\u201d, agreg\u00f3.<a href=\"https:\/\/www.infobae.com\/venezuela\/2026\/01\/07\/diosdado-cabello-es-el-principal-saboteador-del-gobierno-de-delcy-rodriguez-advirtio-james-story-ex-embajador-de-eeuu-en-venezuela\/\" target=\"_blank\" rel=\"noreferrer noopener\"><\/a><\/p>\n\n\n\n<p>La decisi\u00f3n se produce cinco d\u00edas despu\u00e9s de la operaci\u00f3n estadounidense en Caracas que culmin\u00f3 con la captura del dictador venezolano Nicol\u00e1s Maduro, quien enfrenta cargos por narcoterrorismo.&nbsp;<\/p>\n\n\n\n<p>La organizaci\u00f3n venezolana dedicada a la defensa de los derechos humanos&nbsp;<strong>Foro Penal<\/strong>, ha contabilizado al menos&nbsp;<strong>863 personas encarceladas o perseguidas por razones pol\u00edticas<\/strong>. Su director,&nbsp;<strong>Alfredo Romero<\/strong>, reclam\u00f3 una amnist\u00eda general para todos los detenidos.<\/p>\n\n\n\n<p>Fuente: <a href=\"https:\/\/www.infobae.com\/venezuela\/2026\/01\/08\/jorge-rodriguez-anuncio-la-liberacion-de-un-numero-importante-de-presos-politicos-en-venezuela\/\">Infobae<\/a><\/p>\n","protected":false},"excerpt":{"rendered":"<p>El titular de la Asamblea venezolana,&nbsp;Jorge Rodr\u00edguez, asegur\u00f3 que el r\u00e9gimen decidi\u00f3 la liberaci\u00f3n de algunos de los cientos de presos pol\u00edticos que se encuentran en c\u00e1rceles del pa\u00eds. En un discurso, Rodr\u00edguez anunci\u00f3: \u201cEl gobierno bolivariano, junto a las instituciones del Estado, ha decidido la&nbsp;puesta en libertad de un n\u00famero importante de personas venezolanas [&hellip;]<\/p>\n","protected":false},"author":35,"featured_media":205757,"comment_status":"open","ping_status":"open","sticky":false,"template":"","format":"standard","meta":{"_monsterinsights_skip_tracking":false,"_monsterinsights_sitenote_active":false,"_monsterinsights_sitenote_note":"","_monsterinsights_sitenote_category":0,"footnotes":""},"categories":[181],"tags":[1540],"class_list":["post-205753","post","type-post","status-publish","format-standard","has-post-thumbnail","hentry","category-internacional","tag-venezuela","wp-image-borders"],"amp_enabled":true,"_links":{"self":[{"href":"https:\/\/nvnoticias.mx\/index.php\/wp-json\/wp\/v2\/posts\/205753","targetHints":{"allow":["GET"]}}],"collection":[{"href":"https:\/\/nvnoticias.mx\/index.php\/wp-json\/wp\/v2\/posts"}],"about":[{"href":"https:\/\/nvnoticias.mx\/index.php\/wp-json\/wp\/v2\/types\/post"}],"author":[{"embeddable":true,"href":"https:\/\/nvnoticias.mx\/index.php\/wp-json\/wp\/v2\/users\/35"}],"replies":[{"embeddable":true,"href":"https:\/\/nvnoticias.mx\/index.php\/wp-json\/wp\/v2\/comments?post=205753"}],"version-history":[{"count":3,"href":"https:\/\/nvnoticias.mx\/index.php\/wp-json\/wp\/v2\/posts\/205753\/revisions"}],"predecessor-version":[{"id":205758,"href":"https:\/\/nvnoticias.mx\/index.php\/wp-json\/wp\/v2\/posts\/205753\/revisions\/205758"}],"wp:featuredmedia":[{"embeddable":true,"href":"https:\/\/nvnoticias.mx\/index.php\/wp-json\/wp\/v2\/media\/205757"}],"wp:attachment":[{"href":"https:\/\/nvnoticias.mx\/index.php\/wp-json\/wp\/v2\/media?parent=205753"}],"wp:term":[{"taxonomy":"category","embeddable":true,"href":"https:\/\/nvnoticias.mx\/index.php\/wp-json\/wp\/v2\/categories?post=205753"},{"taxonomy":"post_tag","embeddable":true,"href":"https:\/\/nvnoticias.mx\/index.php\/wp-json\/wp\/v2\/tags?post=205753"}],"curies":[{"name":"wp","href":"https:\/\/api.w.org\/{rel}","templated":true}]}}