{"id":205676,"date":"2026-01-07T13:48:09","date_gmt":"2026-01-07T19:48:09","guid":{"rendered":"https:\/\/nvnoticias.mx\/?p=205676"},"modified":"2026-01-07T13:48:15","modified_gmt":"2026-01-07T19:48:15","slug":"trump-acusa-a-noruega-de-negarle-el-nobel-de-la-paz-pese-a-terminar-con-8-guerras","status":"publish","type":"post","link":"https:\/\/nvnoticias.mx\/index.php\/2026\/01\/07\/trump-acusa-a-noruega-de-negarle-el-nobel-de-la-paz-pese-a-terminar-con-8-guerras\/","title":{"rendered":"Trump acusa a Noruega de negarle el Nobel de la Paz pese a terminar con 8 guerras"},"content":{"rendered":"\n<p>El presidente Donald Trump, afirm\u00f3 este mi\u00e9rcoles que Noruega &#8220;tom\u00f3 la decisi\u00f3n insensata&#8221; de no otorgarle el Premio Nobel de la Paz, a pesar de haber puesto fin a ocho guerras.<\/p>\n\n\n\n<p>&#8220;Recuerden tambi\u00e9n que yo, sin ayuda de nadie, puse fin a ocho guerras, y Noruega, miembro de la OTAN tom\u00f3 la decisi\u00f3n insensata de no otorgarme el Premio Nobel de la Paz\u200b\u200b\u200b. \u00a1Pero eso no importa. Lo que importa es que salv\u00e9 millones de vidas&#8221;, escribi\u00f3 el mandatario este mi\u00e9rcoles en su cuenta de Truth Social.<\/p>\n\n\n\n<p>En su mensaje el magnate a\u00f1adi\u00f3 que \u201cRusia tendr\u00eda bajo su control todo el territorio ucranio en este momento si \u00e9l no hubiese intervenido\u201d.<\/p>\n\n\n\n<p>Trump ha reclamado repetidamente haber detenido ocho guerras en menos de un a\u00f1o, present\u00e1ndose como merecedor del Nobel de la Paz que recay\u00f3 en la opositora venezolana Mar\u00eda Corina Machado, aunque muchos de dichos acuerdos fueron alto al fuego temporales y resoluciones de disputas no armadas.<\/p>\n\n\n\n<p>Entre los conflictos cuyo fin reivindica Trump destacan el alto el fuego en Gaza entre Israel y Hamas, el acuerdo de paz entre Armenia y Azerbaiy\u00e1n, el cese de hostilidades entre la Rep\u00fablica Democr\u00e1tica del Congo y Ruanda, y el armisticio en disputas fronterizas entre Camboya y Tailandia.<\/p>\n\n\n\n<p>Fuente: La <a href=\"https:\/\/www.jornada.com.mx\/noticia\/2026\/01\/07\/mundo\/trump-acusa-a-noruega-de-negarle-el-nobel-de-la-paz-pese-a-terminar-con-8-guerras\">Jornada<\/a> <\/p>\n\n\n\n<p><\/p>\n","protected":false},"excerpt":{"rendered":"<p>El presidente Donald Trump, afirm\u00f3 este mi\u00e9rcoles que Noruega &#8220;tom\u00f3 la decisi\u00f3n insensata&#8221; de no otorgarle el Premio Nobel de la Paz, a pesar de haber puesto fin a ocho guerras. &#8220;Recuerden tambi\u00e9n que yo, sin ayuda de nadie, puse fin a ocho guerras, y Noruega, miembro de la OTAN tom\u00f3 la decisi\u00f3n insensata de [&hellip;]<\/p>\n","protected":false},"author":35,"featured_media":205678,"comment_status":"open","ping_status":"open","sticky":false,"template":"","format":"standard","meta":{"_monsterinsights_skip_tracking":false,"_monsterinsights_sitenote_active":false,"_monsterinsights_sitenote_note":"","_monsterinsights_sitenote_category":0,"footnotes":""},"categories":[181],"tags":[230,489,6436],"class_list":["post-205676","post","type-post","status-publish","format-standard","has-post-thumbnail","hentry","category-internacional","tag-donald-trump","tag-noruega","tag-premio-nobel-de-la-paz","wp-image-borders"],"amp_enabled":true,"_links":{"self":[{"href":"https:\/\/nvnoticias.mx\/index.php\/wp-json\/wp\/v2\/posts\/205676","targetHints":{"allow":["GET"]}}],"collection":[{"href":"https:\/\/nvnoticias.mx\/index.php\/wp-json\/wp\/v2\/posts"}],"about":[{"href":"https:\/\/nvnoticias.mx\/index.php\/wp-json\/wp\/v2\/types\/post"}],"author":[{"embeddable":true,"href":"https:\/\/nvnoticias.mx\/index.php\/wp-json\/wp\/v2\/users\/35"}],"replies":[{"embeddable":true,"href":"https:\/\/nvnoticias.mx\/index.php\/wp-json\/wp\/v2\/comments?post=205676"}],"version-history":[{"count":2,"href":"https:\/\/nvnoticias.mx\/index.php\/wp-json\/wp\/v2\/posts\/205676\/revisions"}],"predecessor-version":[{"id":205679,"href":"https:\/\/nvnoticias.mx\/index.php\/wp-json\/wp\/v2\/posts\/205676\/revisions\/205679"}],"wp:featuredmedia":[{"embeddable":true,"href":"https:\/\/nvnoticias.mx\/index.php\/wp-json\/wp\/v2\/media\/205678"}],"wp:attachment":[{"href":"https:\/\/nvnoticias.mx\/index.php\/wp-json\/wp\/v2\/media?parent=205676"}],"wp:term":[{"taxonomy":"category","embeddable":true,"href":"https:\/\/nvnoticias.mx\/index.php\/wp-json\/wp\/v2\/categories?post=205676"},{"taxonomy":"post_tag","embeddable":true,"href":"https:\/\/nvnoticias.mx\/index.php\/wp-json\/wp\/v2\/tags?post=205676"}],"curies":[{"name":"wp","href":"https:\/\/api.w.org\/{rel}","templated":true}]}}