{"id":205494,"date":"2026-01-05T09:54:00","date_gmt":"2026-01-05T15:54:00","guid":{"rendered":"https:\/\/nvnoticias.mx\/?p=205494"},"modified":"2026-01-05T20:57:44","modified_gmt":"2026-01-06T02:57:44","slug":"retraso-en-bono-provoca-protesta-en-el-hospital-civil-de-xalapa","status":"publish","type":"post","link":"https:\/\/nvnoticias.mx\/index.php\/2026\/01\/05\/retraso-en-bono-provoca-protesta-en-el-hospital-civil-de-xalapa\/","title":{"rendered":"Retraso en bono provoca protesta en el Hospital Civil de Xalapa"},"content":{"rendered":"\n<p><\/p>\n\n\n\n<p><span style=\"background-color: rgba(0, 0, 0, 0.2);\"><b>Sam<\/b><\/span><strong> Ojeda \/ NV Noticias<\/strong><\/p>\n\n\n\n<p>Xalapa.- La falta de pago del bono correspondiente a las medidas de fin de a\u00f1o llev\u00f3 a trabajadores del Hospital Civil \u201cDr. Luis F. Nach\u00f3n\u201d a manifestarse este lunes en el exterior del nosocomio, al no verse reflejado el recurso pese a los anuncios oficiales realizados por autoridades estatales.<\/p>\n\n\n\n<p>De acuerdo con Pablo Rodr\u00edguez Torres, representante de la Secci\u00f3n 26 Centro del CENSA, al menos 55 trabajadores del hospital contin\u00faan sin recibir el pago, situaci\u00f3n que atribuy\u00f3 a tr\u00e1mites administrativos que no han sido resueltos.<\/p>\n\n\n\n<p>Explic\u00f3 que, aunque el bono fue anunciado de manera p\u00fablica, una parte del personal no ha podido cobrarlo debido a fallas internas que siguen sin aclararse.<\/p>\n\n\n\n<p>\u201cEl pago se anunci\u00f3, pero no lleg\u00f3 a todos. Hay incidencias que nadie ha corregido\u201d, expuso.<\/p>\n\n\n\n<p>Se\u00f1al\u00f3 que los trabajadores tampoco han obtenido respuestas concretas en las instancias correspondientes, lo que ha prolongado la inconformidad y la incertidumbre sobre la fecha de pago.<\/p>\n\n\n\n<p>Rodr\u00edguez Torres record\u00f3 que antes de las festividades decembrinas se inform\u00f3 que el recurso se cubrir\u00eda antes del 24 de diciembre; sin embargo, el compromiso no se cumpli\u00f3.<\/p>\n\n\n\n<p>\u201cNos dijeron que estaba en tr\u00e1mite y que se resolver\u00eda pronto, pero seguimos esperando\u201d, afirm\u00f3.<\/p>\n\n\n\n<p>Ante este escenario, el personal exigi\u00f3 la liberaci\u00f3n inmediata de los pagos pendientes y el respeto a los acuerdos previamente establecidos.<\/p>\n\n\n\n<p>\u201cEl reclamo es claro: que se cumpla lo prometido y se respeten los derechos laborales\u201d, subray\u00f3.<\/p>\n\n\n\n<p>Finalmente, aclar\u00f3 que la protesta se desarrolla de manera pac\u00edfica y sin afectar la atenci\u00f3n m\u00e9dica, y advirti\u00f3 que permanecer\u00e1n en el lugar hasta recibir una respuesta puntual por parte de las autoridades de salud.<\/p>\n","protected":false},"excerpt":{"rendered":"<p>Sam Ojeda \/ NV Noticias Xalapa.- La falta de pago del bono correspondiente a las medidas de fin de a\u00f1o llev\u00f3 a trabajadores del Hospital Civil \u201cDr. Luis F. Nach\u00f3n\u201d a manifestarse este lunes en el exterior del nosocomio, al no verse reflejado el recurso pese a los anuncios oficiales realizados por autoridades estatales. De [&hellip;]<\/p>\n","protected":false},"author":8,"featured_media":205495,"comment_status":"open","ping_status":"open","sticky":false,"template":"","format":"standard","meta":{"_monsterinsights_skip_tracking":false,"_monsterinsights_sitenote_active":false,"_monsterinsights_sitenote_note":"","_monsterinsights_sitenote_category":0,"footnotes":""},"categories":[156],"tags":[14529,276,193,312],"class_list":["post-205494","post","type-post","status-publish","format-standard","has-post-thumbnail","hentry","category-estado","tag-bono","tag-deuda","tag-salud","tag-xalapa","wp-image-borders"],"amp_enabled":true,"_links":{"self":[{"href":"https:\/\/nvnoticias.mx\/index.php\/wp-json\/wp\/v2\/posts\/205494","targetHints":{"allow":["GET"]}}],"collection":[{"href":"https:\/\/nvnoticias.mx\/index.php\/wp-json\/wp\/v2\/posts"}],"about":[{"href":"https:\/\/nvnoticias.mx\/index.php\/wp-json\/wp\/v2\/types\/post"}],"author":[{"embeddable":true,"href":"https:\/\/nvnoticias.mx\/index.php\/wp-json\/wp\/v2\/users\/8"}],"replies":[{"embeddable":true,"href":"https:\/\/nvnoticias.mx\/index.php\/wp-json\/wp\/v2\/comments?post=205494"}],"version-history":[{"count":1,"href":"https:\/\/nvnoticias.mx\/index.php\/wp-json\/wp\/v2\/posts\/205494\/revisions"}],"predecessor-version":[{"id":205496,"href":"https:\/\/nvnoticias.mx\/index.php\/wp-json\/wp\/v2\/posts\/205494\/revisions\/205496"}],"wp:featuredmedia":[{"embeddable":true,"href":"https:\/\/nvnoticias.mx\/index.php\/wp-json\/wp\/v2\/media\/205495"}],"wp:attachment":[{"href":"https:\/\/nvnoticias.mx\/index.php\/wp-json\/wp\/v2\/media?parent=205494"}],"wp:term":[{"taxonomy":"category","embeddable":true,"href":"https:\/\/nvnoticias.mx\/index.php\/wp-json\/wp\/v2\/categories?post=205494"},{"taxonomy":"post_tag","embeddable":true,"href":"https:\/\/nvnoticias.mx\/index.php\/wp-json\/wp\/v2\/tags?post=205494"}],"curies":[{"name":"wp","href":"https:\/\/api.w.org\/{rel}","templated":true}]}}