{"id":205491,"date":"2026-01-05T09:53:00","date_gmt":"2026-01-05T15:53:00","guid":{"rendered":"https:\/\/nvnoticias.mx\/?p=205491"},"modified":"2026-01-05T20:54:23","modified_gmt":"2026-01-06T02:54:23","slug":"adeudan-bono-de-fin-de-ano-a-personal-de-salud-en-xalapa","status":"publish","type":"post","link":"https:\/\/nvnoticias.mx\/index.php\/2026\/01\/05\/adeudan-bono-de-fin-de-ano-a-personal-de-salud-en-xalapa\/","title":{"rendered":"Adeudan bono de fin de a\u00f1o a personal de salud en Xalapa"},"content":{"rendered":"\n<p><\/p>\n\n\n\n<p><strong>Sam Ojeda \/ NV Noticias<\/strong><\/p>\n\n\n\n<p>Xalapa.- El a\u00f1o inici\u00f3 sin que se cumpliera el compromiso oficial de pagar las medidas de fin de a\u00f1o al personal de salud en Veracruz, pese a que el recurso deb\u00eda quedar cubierto antes del 31 de diciembre, lo que gener\u00f3 inconformidad entre trabajadores de distintas unidades m\u00e9dicas de la capital.<\/p>\n\n\n\n<p>En la Jurisdicci\u00f3n Sanitaria n\u00famero 5, 283 trabajadores de base contin\u00faan sin recibir el pago, de un total de 379 que estaban considerados como beneficiarios, inform\u00f3 Julio C\u00e9sar Hern\u00e1ndez Huesca, m\u00e9dico general y representante de la Secci\u00f3n 26 Centro del Sindicato Nacional de Trabajadores al Servicio de la Salud.<\/p>\n\n\n\n<p>Precis\u00f3 que el adeudo impacta directamente a personal que labora en el primer nivel de atenci\u00f3n, como m\u00e9dicos, enfermeras y especialistas en \u00e1reas preventivas que operan en centros de salud de la regi\u00f3n.<\/p>\n\n\n\n<p>\u201cEl acuerdo era que estas medidas se cubrieran en efectivo, pero ya comenz\u00f3 otro a\u00f1o y el pago no ha llegado\u201d, expuso.<\/p>\n\n\n\n<p>Indic\u00f3 que la Secci\u00f3n 26 Centro agrupa a cerca de 600 trabajadores, de los cuales alrededor de 200 fueron incorporados a IMSS-Bienestar, sector que s\u00ed recibi\u00f3 el recurso en tiempo; sin embargo, el rezago persiste entre quienes permanecen bajo la n\u00f3mina de Servicios de Salud de Veracruz.<\/p>\n\n\n\n<p>Afirm\u00f3 que, aunque existe molestia entre el personal afectado, la atenci\u00f3n m\u00e9dica no se ha suspendido, ya que se mantienen guardias en los centros de salud, aun cuando el retraso ha obligado a los trabajadores a manifestarse durante d\u00edas de descanso.<\/p>\n\n\n\n<p>\u201cNos vemos obligados a exigir algo que ya estaba acordado, incluso sacrificando nuestro tiempo personal\u201d, se\u00f1al\u00f3.<\/p>\n\n\n\n<p>Hern\u00e1ndez Huesca sostuvo que el incumplimiento refleja una falta de claridad entre lo anunciado y lo realmente pagado.<\/p>\n\n\n\n<p>\u201cSeguimos esperando un recurso correspondiente a 2025, y ya estamos en 2026. Esa situaci\u00f3n resulta ofensiva para quienes sostienen los servicios de salud\u201d, concluy\u00f3.<br><\/p>\n\n\n\n<p><\/p>\n","protected":false},"excerpt":{"rendered":"<p>Sam Ojeda \/ NV Noticias Xalapa.- El a\u00f1o inici\u00f3 sin que se cumpliera el compromiso oficial de pagar las medidas de fin de a\u00f1o al personal de salud en Veracruz, pese a que el recurso deb\u00eda quedar cubierto antes del 31 de diciembre, lo que gener\u00f3 inconformidad entre trabajadores de distintas unidades m\u00e9dicas de la [&hellip;]<\/p>\n","protected":false},"author":8,"featured_media":205492,"comment_status":"open","ping_status":"open","sticky":false,"template":"","format":"standard","meta":{"_monsterinsights_skip_tracking":false,"_monsterinsights_sitenote_active":false,"_monsterinsights_sitenote_note":"","_monsterinsights_sitenote_category":0,"footnotes":""},"categories":[156],"tags":[14529,6423,193,312],"class_list":["post-205491","post","type-post","status-publish","format-standard","has-post-thumbnail","hentry","category-estado","tag-bono","tag-pago","tag-salud","tag-xalapa","wp-image-borders"],"amp_enabled":true,"_links":{"self":[{"href":"https:\/\/nvnoticias.mx\/index.php\/wp-json\/wp\/v2\/posts\/205491","targetHints":{"allow":["GET"]}}],"collection":[{"href":"https:\/\/nvnoticias.mx\/index.php\/wp-json\/wp\/v2\/posts"}],"about":[{"href":"https:\/\/nvnoticias.mx\/index.php\/wp-json\/wp\/v2\/types\/post"}],"author":[{"embeddable":true,"href":"https:\/\/nvnoticias.mx\/index.php\/wp-json\/wp\/v2\/users\/8"}],"replies":[{"embeddable":true,"href":"https:\/\/nvnoticias.mx\/index.php\/wp-json\/wp\/v2\/comments?post=205491"}],"version-history":[{"count":1,"href":"https:\/\/nvnoticias.mx\/index.php\/wp-json\/wp\/v2\/posts\/205491\/revisions"}],"predecessor-version":[{"id":205493,"href":"https:\/\/nvnoticias.mx\/index.php\/wp-json\/wp\/v2\/posts\/205491\/revisions\/205493"}],"wp:featuredmedia":[{"embeddable":true,"href":"https:\/\/nvnoticias.mx\/index.php\/wp-json\/wp\/v2\/media\/205492"}],"wp:attachment":[{"href":"https:\/\/nvnoticias.mx\/index.php\/wp-json\/wp\/v2\/media?parent=205491"}],"wp:term":[{"taxonomy":"category","embeddable":true,"href":"https:\/\/nvnoticias.mx\/index.php\/wp-json\/wp\/v2\/categories?post=205491"},{"taxonomy":"post_tag","embeddable":true,"href":"https:\/\/nvnoticias.mx\/index.php\/wp-json\/wp\/v2\/tags?post=205491"}],"curies":[{"name":"wp","href":"https:\/\/api.w.org\/{rel}","templated":true}]}}