{"id":205454,"date":"2026-01-05T12:24:21","date_gmt":"2026-01-05T18:24:21","guid":{"rendered":"https:\/\/nvnoticias.mx\/?p=205454"},"modified":"2026-01-05T12:24:26","modified_gmt":"2026-01-05T18:24:26","slug":"ataque-de-eu-a-venezuela-no-respeto-derecho-internacional-guterres-al-consejo-de-seguridad-de-la-onu","status":"publish","type":"post","link":"https:\/\/nvnoticias.mx\/index.php\/2026\/01\/05\/ataque-de-eu-a-venezuela-no-respeto-derecho-internacional-guterres-al-consejo-de-seguridad-de-la-onu\/","title":{"rendered":"Ataque de EU a Venezuela no respet\u00f3 derecho internacional: Guterres al Consejo de Seguridad de la ONU"},"content":{"rendered":"\n<p>El secretario general de la Organizaci\u00f3n de Naciones Unidas (ONU), Antonio Guterres, expres\u00f3 este lunes su preocupaci\u00f3n porque la operaci\u00f3n militar lanzada el fin de semana de Estados Unidos contra Venezuela no respetara las normas del derecho internacional<\/p>\n\n\n\n<p>&#8220;Estoy profundamente preocupado por la posible intensificaci\u00f3n de la inestabilidad en el pa\u00eds, el impacto potencial en la regi\u00f3n y el precedente que puede sentar sobre c\u00f3mo se conducen las relaciones entre los Estados&#8221;, dijo Guterres en una declaraci\u00f3n entregada al Consejo por la jefa de asuntos pol\u00edticos de la ONU, Rosemary DiCarlo.<\/p>\n\n\n\n<p>Guterres tambi\u00e9n dijo en el comunicado que le preocupaba que la operaci\u00f3n de Estados Unidos para secuestrar al presidente venezolano, Nicol\u00e1s Maduro y su esposa Cilia Flores en Caracas la madrugada del s\u00e1bado no respetara las normas del derecho internacional.<\/p>\n\n\n\n<p>&#8220;Doy la bienvenida y estoy dispuesto a apoyar todos los esfuerzos destinados a ayudar a los venezolanos a encontrar una salida pac\u00edfica&#8221;, agreg\u00f3 en el comunicado.<\/p>\n\n\n\n<p>Fuente: La <a href=\"https:\/\/www.jornada.com.mx\/noticia\/2026\/01\/05\/mundo\/preocupa-que-accion-militar-de-eu-no-respetelas-normas-internacionales-guterres\">Jornada<\/a> <\/p>\n","protected":false},"excerpt":{"rendered":"<p>El secretario general de la Organizaci\u00f3n de Naciones Unidas (ONU), Antonio Guterres, expres\u00f3 este lunes su preocupaci\u00f3n porque la operaci\u00f3n militar lanzada el fin de semana de Estados Unidos contra Venezuela no respetara las normas del derecho internacional &#8220;Estoy profundamente preocupado por la posible intensificaci\u00f3n de la inestabilidad en el pa\u00eds, el impacto potencial en [&hellip;]<\/p>\n","protected":false},"author":35,"featured_media":205456,"comment_status":"open","ping_status":"open","sticky":false,"template":"","format":"standard","meta":{"_monsterinsights_skip_tracking":false,"_monsterinsights_sitenote_active":false,"_monsterinsights_sitenote_note":"","_monsterinsights_sitenote_category":0,"footnotes":""},"categories":[181],"tags":[183,513,1540],"class_list":["post-205454","post","type-post","status-publish","format-standard","has-post-thumbnail","hentry","category-internacional","tag-estados-unidos","tag-onu","tag-venezuela","wp-image-borders"],"amp_enabled":true,"_links":{"self":[{"href":"https:\/\/nvnoticias.mx\/index.php\/wp-json\/wp\/v2\/posts\/205454","targetHints":{"allow":["GET"]}}],"collection":[{"href":"https:\/\/nvnoticias.mx\/index.php\/wp-json\/wp\/v2\/posts"}],"about":[{"href":"https:\/\/nvnoticias.mx\/index.php\/wp-json\/wp\/v2\/types\/post"}],"author":[{"embeddable":true,"href":"https:\/\/nvnoticias.mx\/index.php\/wp-json\/wp\/v2\/users\/35"}],"replies":[{"embeddable":true,"href":"https:\/\/nvnoticias.mx\/index.php\/wp-json\/wp\/v2\/comments?post=205454"}],"version-history":[{"count":3,"href":"https:\/\/nvnoticias.mx\/index.php\/wp-json\/wp\/v2\/posts\/205454\/revisions"}],"predecessor-version":[{"id":205458,"href":"https:\/\/nvnoticias.mx\/index.php\/wp-json\/wp\/v2\/posts\/205454\/revisions\/205458"}],"wp:featuredmedia":[{"embeddable":true,"href":"https:\/\/nvnoticias.mx\/index.php\/wp-json\/wp\/v2\/media\/205456"}],"wp:attachment":[{"href":"https:\/\/nvnoticias.mx\/index.php\/wp-json\/wp\/v2\/media?parent=205454"}],"wp:term":[{"taxonomy":"category","embeddable":true,"href":"https:\/\/nvnoticias.mx\/index.php\/wp-json\/wp\/v2\/categories?post=205454"},{"taxonomy":"post_tag","embeddable":true,"href":"https:\/\/nvnoticias.mx\/index.php\/wp-json\/wp\/v2\/tags?post=205454"}],"curies":[{"name":"wp","href":"https:\/\/api.w.org\/{rel}","templated":true}]}}