{"id":205421,"date":"2026-01-05T10:11:09","date_gmt":"2026-01-05T16:11:09","guid":{"rendered":"https:\/\/nvnoticias.mx\/?p=205421"},"modified":"2026-01-05T10:11:14","modified_gmt":"2026-01-05T16:11:14","slug":"permanencen-hospitalizadas-once-personas-por-el-accidente-del-tren-interoceanico-sheinbaum","status":"publish","type":"post","link":"https:\/\/nvnoticias.mx\/index.php\/2026\/01\/05\/permanencen-hospitalizadas-once-personas-por-el-accidente-del-tren-interoceanico-sheinbaum\/","title":{"rendered":"Permanencen hospitalizadas once personas por el accidente del Tren Interoce\u00e1nico: Sheinbaum"},"content":{"rendered":"\n<p><em>&nbsp;<\/em>Luego del accidente del Tren Interoce\u00e1nico en el que fallecieron 14 personas, la presidenta Claudia Sheinbaum Pardo inform\u00f3 que contin\u00faan once personas hospitalizadas. Refrend\u00f3 que el gobierno federal mantiene atenci\u00f3n a todas las familias de las personas que perdieron la vida y con los lesionados. &nbsp;<\/p>\n\n\n\n<p>En su conferencia de prensa matutina en Palacio Nacional, la mandataria fue consultada sobre el anuncio de un despacho de abogados que anticip\u00f3 que este d\u00eda presentar\u00e1 una denuncia a nombre de varias de las familias. &nbsp;<\/p>\n\n\n\n<p>Recalc\u00f3 que hay libertad para todas las personas afectadas, pero apunt\u00f3 que la Fiscal\u00eda General de la Rep\u00fablica (FGR) ya abri\u00f3 una carpeta de investigaci\u00f3n y est\u00e1 haciendo las indagatorias con peritajes especializados, con la participaci\u00f3n de la Agencia Reguladora de Transporte, para determinar la causa del accidente y deslindar responsabilidades. &nbsp;<\/p>\n\n\n\n<p>Record\u00f3 que existe un seguro para apoyar a las personas y refrend\u00f3 que habr\u00e1 una reparaci\u00f3n integral del a\u00f1o.&nbsp;<\/p>\n\n\n\n<p>Sobre la denuncia anunciada por el despacho Vega Mac Gregor Arellano Abogados, dijo que \u201chay que ver quienes son, qui\u00e9n est\u00e1 interponiendo esta denuncia. No es necesario que se acerquen, tienen el derecho de hacerlo, pero no es necesario que se acerquen abogados. A veces hay bufetes de abogados que se acercan a las v\u00edctimas y les ofrecen que van a obtener m\u00e1s recursos, y hay comisiones que se llevan los bufetes de abogados. En este caso no lo necesitan, con acercarse a la Comisi\u00f3n Ejecutiva de Atenci\u00f3n a V\u00edctimas van a tener todo el apoyo del gobierno que requieran, adem\u00e1s de lo que van a recibir por los seguros, del apoyo de una reparaci\u00f3n integral del da\u00f1o\u201d. &nbsp;<\/p>\n\n\n\n<p>Al momento, agreg\u00f3, esa instancia no ha recibido alguna inconformidad por parte de alguna de las familias de las v\u00edctimas. Record\u00f3 que el n\u00famero telef\u00f3nico&nbsp;<a href=\"tel:5522302106\">5522302106<\/a>&nbsp;sigue en operaci\u00f3n para el contacto con los afectados. &nbsp;<\/p>\n\n\n\n<p>Tambi\u00e9n detall\u00f3 que la Consejera Jur\u00eddica del Poder Ejecutivo se mantiene en comunicaci\u00f3n con la aseguradora, pero insisti\u00f3 que independientemente de eso, la Fiscal\u00eda determinar\u00e1 el monto, adicional al seguro, de acuerdo con la ley en la materia.<\/p>\n\n\n\n<p>Fuente: La <a href=\"https:\/\/www.jornada.com.mx\/noticia\/2026\/01\/05\/politica\/permanencen-hospitalizadas-once-personas-por-el-accidente-del-tren-interoceanico-sheinbaum\">Jornada<\/a> <\/p>\n","protected":false},"excerpt":{"rendered":"<p>&nbsp;Luego del accidente del Tren Interoce\u00e1nico en el que fallecieron 14 personas, la presidenta Claudia Sheinbaum Pardo inform\u00f3 que contin\u00faan once personas hospitalizadas. Refrend\u00f3 que el gobierno federal mantiene atenci\u00f3n a todas las familias de las personas que perdieron la vida y con los lesionados. &nbsp; En su conferencia de prensa matutina en Palacio Nacional, [&hellip;]<\/p>\n","protected":false},"author":35,"featured_media":205424,"comment_status":"open","ping_status":"open","sticky":false,"template":"","format":"standard","meta":{"_monsterinsights_skip_tracking":false,"_monsterinsights_sitenote_active":false,"_monsterinsights_sitenote_note":"","_monsterinsights_sitenote_category":0,"footnotes":""},"categories":[157],"tags":[2801],"class_list":["post-205421","post","type-post","status-publish","format-standard","has-post-thumbnail","hentry","category-nacional","tag-claudia-sheinbaum","wp-image-borders"],"amp_enabled":true,"_links":{"self":[{"href":"https:\/\/nvnoticias.mx\/index.php\/wp-json\/wp\/v2\/posts\/205421","targetHints":{"allow":["GET"]}}],"collection":[{"href":"https:\/\/nvnoticias.mx\/index.php\/wp-json\/wp\/v2\/posts"}],"about":[{"href":"https:\/\/nvnoticias.mx\/index.php\/wp-json\/wp\/v2\/types\/post"}],"author":[{"embeddable":true,"href":"https:\/\/nvnoticias.mx\/index.php\/wp-json\/wp\/v2\/users\/35"}],"replies":[{"embeddable":true,"href":"https:\/\/nvnoticias.mx\/index.php\/wp-json\/wp\/v2\/comments?post=205421"}],"version-history":[{"count":3,"href":"https:\/\/nvnoticias.mx\/index.php\/wp-json\/wp\/v2\/posts\/205421\/revisions"}],"predecessor-version":[{"id":205425,"href":"https:\/\/nvnoticias.mx\/index.php\/wp-json\/wp\/v2\/posts\/205421\/revisions\/205425"}],"wp:featuredmedia":[{"embeddable":true,"href":"https:\/\/nvnoticias.mx\/index.php\/wp-json\/wp\/v2\/media\/205424"}],"wp:attachment":[{"href":"https:\/\/nvnoticias.mx\/index.php\/wp-json\/wp\/v2\/media?parent=205421"}],"wp:term":[{"taxonomy":"category","embeddable":true,"href":"https:\/\/nvnoticias.mx\/index.php\/wp-json\/wp\/v2\/categories?post=205421"},{"taxonomy":"post_tag","embeddable":true,"href":"https:\/\/nvnoticias.mx\/index.php\/wp-json\/wp\/v2\/tags?post=205421"}],"curies":[{"name":"wp","href":"https:\/\/api.w.org\/{rel}","templated":true}]}}