{"id":205399,"date":"2026-01-05T09:35:58","date_gmt":"2026-01-05T15:35:58","guid":{"rendered":"https:\/\/nvnoticias.mx\/?p=205399"},"modified":"2026-01-05T09:36:03","modified_gmt":"2026-01-05T15:36:03","slug":"sheinbaum-apoya-reaparicion-de-amlo-para-condenar-intervencion-de-eu-en-venezuela","status":"publish","type":"post","link":"https:\/\/nvnoticias.mx\/index.php\/2026\/01\/05\/sheinbaum-apoya-reaparicion-de-amlo-para-condenar-intervencion-de-eu-en-venezuela\/","title":{"rendered":"Sheinbaum apoya reaparici\u00f3n de AMLO para condenar intervenci\u00f3n de EU en Venezuela"},"content":{"rendered":"\n<p>La presidenta Sheinbaum respald\u00f3 la\u00a0reaparici\u00f3n del expresidente Andr\u00e9s Manuel L\u00f3pez Obrador, quien tambi\u00e9n conden\u00f3 la intervenci\u00f3n de Estados Unidos\u00a0en Venezuela.<\/p>\n\n\n\n<p>\u201cEs&nbsp;<strong>muy buen mensaje, muy contundente<\/strong>. \u00c9l hace este mensaje, porque en nuestro movimiento hay mucha unidad y as\u00ed debe ser\u201d, dijo la mandataria.&nbsp;<\/p>\n\n\n\n<p>Sheinbaum agradeci\u00f3 el respaldo que le expres\u00f3 AMLO y dijo que ser\u00e1 decisi\u00f3n de \u00e9l si regresa o no a la vida pol\u00edtica.&nbsp;<\/p>\n\n\n\n<p>A trav\u00e9s de sus redes sociales, el&nbsp;<strong>expresidente L\u00f3pez Obrador<\/strong>&nbsp;public\u00f3 un mensaje en contra de las acciones de EU para arrestar a Nicol\u00e1s Maduro.<\/p>\n\n\n\n<p>Fuente: La <a href=\"https:\/\/www.elfinanciero.com.mx\/nacional\/2026\/01\/05\/claudia-sheinbaum-mananera-temas-hoy-5-de-enero-de-2026-en-vivo\/\">Jornada<\/a> <\/p>\n","protected":false},"excerpt":{"rendered":"<p>La presidenta Sheinbaum respald\u00f3 la\u00a0reaparici\u00f3n del expresidente Andr\u00e9s Manuel L\u00f3pez Obrador, quien tambi\u00e9n conden\u00f3 la intervenci\u00f3n de Estados Unidos\u00a0en Venezuela. \u201cEs&nbsp;muy buen mensaje, muy contundente. \u00c9l hace este mensaje, porque en nuestro movimiento hay mucha unidad y as\u00ed debe ser\u201d, dijo la mandataria.&nbsp; Sheinbaum agradeci\u00f3 el respaldo que le expres\u00f3 AMLO y dijo que ser\u00e1 [&hellip;]<\/p>\n","protected":false},"author":35,"featured_media":156721,"comment_status":"open","ping_status":"open","sticky":false,"template":"","format":"standard","meta":{"_monsterinsights_skip_tracking":false,"_monsterinsights_sitenote_active":false,"_monsterinsights_sitenote_note":"","_monsterinsights_sitenote_category":0,"footnotes":""},"categories":[158],"tags":[188,2801,1505,162],"class_list":["post-205399","post","type-post","status-publish","format-standard","has-post-thumbnail","hentry","category-politica","tag-amlo","tag-claudia-sheinbaum","tag-nicolas-maduro","tag-portada","wp-image-borders"],"amp_enabled":true,"_links":{"self":[{"href":"https:\/\/nvnoticias.mx\/index.php\/wp-json\/wp\/v2\/posts\/205399","targetHints":{"allow":["GET"]}}],"collection":[{"href":"https:\/\/nvnoticias.mx\/index.php\/wp-json\/wp\/v2\/posts"}],"about":[{"href":"https:\/\/nvnoticias.mx\/index.php\/wp-json\/wp\/v2\/types\/post"}],"author":[{"embeddable":true,"href":"https:\/\/nvnoticias.mx\/index.php\/wp-json\/wp\/v2\/users\/35"}],"replies":[{"embeddable":true,"href":"https:\/\/nvnoticias.mx\/index.php\/wp-json\/wp\/v2\/comments?post=205399"}],"version-history":[{"count":3,"href":"https:\/\/nvnoticias.mx\/index.php\/wp-json\/wp\/v2\/posts\/205399\/revisions"}],"predecessor-version":[{"id":205405,"href":"https:\/\/nvnoticias.mx\/index.php\/wp-json\/wp\/v2\/posts\/205399\/revisions\/205405"}],"wp:featuredmedia":[{"embeddable":true,"href":"https:\/\/nvnoticias.mx\/index.php\/wp-json\/wp\/v2\/media\/156721"}],"wp:attachment":[{"href":"https:\/\/nvnoticias.mx\/index.php\/wp-json\/wp\/v2\/media?parent=205399"}],"wp:term":[{"taxonomy":"category","embeddable":true,"href":"https:\/\/nvnoticias.mx\/index.php\/wp-json\/wp\/v2\/categories?post=205399"},{"taxonomy":"post_tag","embeddable":true,"href":"https:\/\/nvnoticias.mx\/index.php\/wp-json\/wp\/v2\/tags?post=205399"}],"curies":[{"name":"wp","href":"https:\/\/api.w.org\/{rel}","templated":true}]}}