{"id":205375,"date":"2026-01-04T18:38:25","date_gmt":"2026-01-05T00:38:25","guid":{"rendered":"https:\/\/nvnoticias.mx\/?p=205375"},"modified":"2026-01-04T18:38:29","modified_gmt":"2026-01-05T00:38:29","slug":"modificaciones-arancelarias-no-detendran-el-comercio-exterior","status":"publish","type":"post","link":"https:\/\/nvnoticias.mx\/index.php\/2026\/01\/04\/modificaciones-arancelarias-no-detendran-el-comercio-exterior\/","title":{"rendered":"Modificaciones arancelarias no detendr\u00e1n el comercio exterior"},"content":{"rendered":"\n<p><\/p>\n\n\n\n<p><strong>Jes\u00fas Utrilla &#8211; NV Noticias<\/strong><\/p>\n\n\n\n<p>Veracruz, Ver. 31 de diciembre de 2025.- Los nuevos aranceles a productos provenientes de China, Vietnam, India y pa\u00edses con los que M\u00e9xico no tiene tratados de libre comercio genera incertidumbre entre sectores vinculados al comercio exterior. El agente aduanal Ram\u00f3n G\u00f3mez Barqu\u00edn dijo que su alcance depender\u00e1 del tipo de mercanc\u00edas y de la temporalidad que establezca el Gobierno Federal.<\/p>\n\n\n\n<p>Explic\u00f3 que, por ahora, cualquier an\u00e1lisis definitivo ser\u00eda prematuro, pues el contenido de la reforma a\u00fan est\u00e1 sujeto a cambios legislativos.<\/p>\n\n\n\n<blockquote class=\"wp-block-quote is-layout-flow wp-block-quote-is-layout-flow\">\n<p>\u201cLos aranceles, hasta que no se hagan publicados, no vamos a saber en qu\u00e9 consisten, en qu\u00e9 magnitud ni cu\u00e1l va a ser su impacto, se est\u00e1n discutiendo y podr\u00edan incluso ser temporales porque van y vienen seg\u00fan los acuerdos comerciales internacionales\u201d.<\/p>\n<\/blockquote>\n\n\n\n<p>Indic\u00f3 que, pese a las modificaciones arancelarias, el comercio exterior no se detendr\u00e1 ni desde el Pac\u00edfico ni desde otras regiones, ya que forma parte de la din\u00e1mica global.<\/p>\n\n\n\n<blockquote class=\"wp-block-quote is-layout-flow wp-block-quote-is-layout-flow\">\n<p>\u201cAl final de cuentas nos afecta a todos porque son productos que se importan y se comercializan en territorio nacional, y todos acabamos compr\u00e1ndolos, ya sea como materias primas que se incorporan a productos hechos en M\u00e9xico o como mercanc\u00edas terminadas que consumimos diariamente\u201d.<\/p>\n<\/blockquote>\n\n\n\n<p>G\u00f3mez Barqu\u00edn a\u00f1adi\u00f3 que, independientemente de los ajustes fiscales, la globalizaci\u00f3n ya define el comportamiento del mercado, por lo que las econom\u00edas deber\u00e1n adaptarse a las reglas que resulten de esta nueva negociaci\u00f3n arancelaria.<\/p>\n","protected":false},"excerpt":{"rendered":"<p>Jes\u00fas Utrilla &#8211; NV Noticias Veracruz, Ver. 31 de diciembre de 2025.- Los nuevos aranceles a productos provenientes de China, Vietnam, India y pa\u00edses con los que M\u00e9xico no tiene tratados de libre comercio genera incertidumbre entre sectores vinculados al comercio exterior. El agente aduanal Ram\u00f3n G\u00f3mez Barqu\u00edn dijo que su alcance depender\u00e1 del tipo [&hellip;]<\/p>\n","protected":false},"author":6,"featured_media":117102,"comment_status":"open","ping_status":"open","sticky":false,"template":"","format":"standard","meta":{"_monsterinsights_skip_tracking":false,"_monsterinsights_sitenote_active":false,"_monsterinsights_sitenote_note":"","_monsterinsights_sitenote_category":0,"footnotes":""},"categories":[154],"tags":[19059],"class_list":["post-205375","post","type-post","status-publish","format-standard","has-post-thumbnail","hentry","category-veracruz","tag-comercio-exterior","wp-image-borders"],"amp_enabled":true,"_links":{"self":[{"href":"https:\/\/nvnoticias.mx\/index.php\/wp-json\/wp\/v2\/posts\/205375","targetHints":{"allow":["GET"]}}],"collection":[{"href":"https:\/\/nvnoticias.mx\/index.php\/wp-json\/wp\/v2\/posts"}],"about":[{"href":"https:\/\/nvnoticias.mx\/index.php\/wp-json\/wp\/v2\/types\/post"}],"author":[{"embeddable":true,"href":"https:\/\/nvnoticias.mx\/index.php\/wp-json\/wp\/v2\/users\/6"}],"replies":[{"embeddable":true,"href":"https:\/\/nvnoticias.mx\/index.php\/wp-json\/wp\/v2\/comments?post=205375"}],"version-history":[{"count":1,"href":"https:\/\/nvnoticias.mx\/index.php\/wp-json\/wp\/v2\/posts\/205375\/revisions"}],"predecessor-version":[{"id":205376,"href":"https:\/\/nvnoticias.mx\/index.php\/wp-json\/wp\/v2\/posts\/205375\/revisions\/205376"}],"wp:featuredmedia":[{"embeddable":true,"href":"https:\/\/nvnoticias.mx\/index.php\/wp-json\/wp\/v2\/media\/117102"}],"wp:attachment":[{"href":"https:\/\/nvnoticias.mx\/index.php\/wp-json\/wp\/v2\/media?parent=205375"}],"wp:term":[{"taxonomy":"category","embeddable":true,"href":"https:\/\/nvnoticias.mx\/index.php\/wp-json\/wp\/v2\/categories?post=205375"},{"taxonomy":"post_tag","embeddable":true,"href":"https:\/\/nvnoticias.mx\/index.php\/wp-json\/wp\/v2\/tags?post=205375"}],"curies":[{"name":"wp","href":"https:\/\/api.w.org\/{rel}","templated":true}]}}