{"id":205372,"date":"2026-01-04T14:21:08","date_gmt":"2026-01-04T20:21:08","guid":{"rendered":"https:\/\/nvnoticias.mx\/?p=205372"},"modified":"2026-01-04T14:21:12","modified_gmt":"2026-01-04T20:21:12","slug":"la-4t-es-el-movimiento-de-izquierda-mas-fuerte-del-mundo-luisa-maria-alcalde","status":"publish","type":"post","link":"https:\/\/nvnoticias.mx\/index.php\/2026\/01\/04\/la-4t-es-el-movimiento-de-izquierda-mas-fuerte-del-mundo-luisa-maria-alcalde\/","title":{"rendered":"La 4T es el movimiento de izquierda m\u00e1s fuerte del mundo: Luisa Mar\u00eda Alcalde"},"content":{"rendered":"\n<p><\/p>\n\n\n\n<p>La presidenta nacional de Morena, <strong>Luisa Mar\u00eda Alcalde Luj\u00e1n<\/strong>, asegur\u00f3 que el proyecto que se autodenomina \u201cla<strong>\u00a0Cuarta Transformaci\u00f3n<\/strong>\u201d es el movimiento m\u00e1s fuerte de izquierda en estos momentos.<\/p>\n\n\n\n<p>A trav\u00e9s de sus redes sociales, Alcalde Luj\u00e1n enfatiz\u00f3 las razones por las que&nbsp;<strong>Morena<\/strong>&nbsp;se considera \u201cel m\u00e1s fuerte del mundo\u201d.<\/p>\n\n\n\n<p>La primera, dijo, es por la unidad interna que guarda el partido; la segunda, por el respaldo popular que han demostrado en las urnas; y la tercera, por tener l\u00edderes pol\u00edticos s\u00f3lidos e hizo referencia al expresidente <strong>Andr\u00e9s Manuel L\u00f3pez Obrador<\/strong>\u00a0y a la presidenta de M\u00e9xico,\u00a0<strong>Claudia Sheinbaum<\/strong>.<\/p>\n\n\n\n<p>\u201cQue se escuche fuerte y que se escuche claro: M\u00e9xico ya no es tierra de conquista. Es una naci\u00f3n libre, independiente y soberana\u201d, afirm\u00f3 en referencia a los dichos del presidente de los Estados Unidos,\u00a0<strong>Donald Trump<\/strong>.<\/p>\n\n\n\n<p>Fuente: <a href=\"https:\/\/www.eluniversal.com.mx\/nacion\/luisa-alcalde-la-4t-es-el-movimiento-de-izquierda-mas-fuerte-del-mundo-tenemos-lideres-politicos-como-amlo-y-sheinbaum\/\">El Universal<\/a><\/p>\n","protected":false},"excerpt":{"rendered":"<p>La presidenta nacional de Morena, Luisa Mar\u00eda Alcalde Luj\u00e1n, asegur\u00f3 que el proyecto que se autodenomina \u201cla\u00a0Cuarta Transformaci\u00f3n\u201d es el movimiento m\u00e1s fuerte de izquierda en estos momentos. A trav\u00e9s de sus redes sociales, Alcalde Luj\u00e1n enfatiz\u00f3 las razones por las que&nbsp;Morena&nbsp;se considera \u201cel m\u00e1s fuerte del mundo\u201d. La primera, dijo, es por la unidad [&hellip;]<\/p>\n","protected":false},"author":6,"featured_media":205373,"comment_status":"open","ping_status":"open","sticky":false,"template":"","format":"standard","meta":{"_monsterinsights_skip_tracking":false,"_monsterinsights_sitenote_active":false,"_monsterinsights_sitenote_note":"","_monsterinsights_sitenote_category":0,"footnotes":""},"categories":[158],"tags":[1451,25812],"class_list":["post-205372","post","type-post","status-publish","format-standard","has-post-thumbnail","hentry","category-politica","tag-4t","tag-luisa-maria-alcalde","wp-image-borders"],"amp_enabled":true,"_links":{"self":[{"href":"https:\/\/nvnoticias.mx\/index.php\/wp-json\/wp\/v2\/posts\/205372","targetHints":{"allow":["GET"]}}],"collection":[{"href":"https:\/\/nvnoticias.mx\/index.php\/wp-json\/wp\/v2\/posts"}],"about":[{"href":"https:\/\/nvnoticias.mx\/index.php\/wp-json\/wp\/v2\/types\/post"}],"author":[{"embeddable":true,"href":"https:\/\/nvnoticias.mx\/index.php\/wp-json\/wp\/v2\/users\/6"}],"replies":[{"embeddable":true,"href":"https:\/\/nvnoticias.mx\/index.php\/wp-json\/wp\/v2\/comments?post=205372"}],"version-history":[{"count":1,"href":"https:\/\/nvnoticias.mx\/index.php\/wp-json\/wp\/v2\/posts\/205372\/revisions"}],"predecessor-version":[{"id":205374,"href":"https:\/\/nvnoticias.mx\/index.php\/wp-json\/wp\/v2\/posts\/205372\/revisions\/205374"}],"wp:featuredmedia":[{"embeddable":true,"href":"https:\/\/nvnoticias.mx\/index.php\/wp-json\/wp\/v2\/media\/205373"}],"wp:attachment":[{"href":"https:\/\/nvnoticias.mx\/index.php\/wp-json\/wp\/v2\/media?parent=205372"}],"wp:term":[{"taxonomy":"category","embeddable":true,"href":"https:\/\/nvnoticias.mx\/index.php\/wp-json\/wp\/v2\/categories?post=205372"},{"taxonomy":"post_tag","embeddable":true,"href":"https:\/\/nvnoticias.mx\/index.php\/wp-json\/wp\/v2\/tags?post=205372"}],"curies":[{"name":"wp","href":"https:\/\/api.w.org\/{rel}","templated":true}]}}