{"id":205355,"date":"2026-01-04T13:47:42","date_gmt":"2026-01-04T19:47:42","guid":{"rendered":"https:\/\/nvnoticias.mx\/?p=205355"},"modified":"2026-01-04T13:47:46","modified_gmt":"2026-01-04T19:47:46","slug":"iglesia-catolica-exhorta-a-eu-a-respetar-derechos-humanos-del-pueblo-venezolano","status":"publish","type":"post","link":"https:\/\/nvnoticias.mx\/index.php\/2026\/01\/04\/iglesia-catolica-exhorta-a-eu-a-respetar-derechos-humanos-del-pueblo-venezolano\/","title":{"rendered":"Iglesia cat\u00f3lica exhorta a EU a respetar derechos humanos del pueblo venezolano"},"content":{"rendered":"\n<p><\/p>\n\n\n\n<p><strong>Jes\u00fas Utrilla &#8211; NV Noticias<\/strong><\/p>\n\n\n\n<p>Veracruz, Ver., 04 de enero de 2026.\u2013 Tras el anuncio del presidente de Estados Unidos, Donald Trump, sobre la toma de control de Venezuela, la Iglesia cat\u00f3lica en Veracruz llam\u00f3 a que se garantice el respeto irrestricto a los derechos humanos del pueblo venezolano y se preserve el Estado de derecho en esa naci\u00f3n sudamericana.<\/p>\n\n\n\n<p>El vocero de la Di\u00f3cesis de Veracruz, Aurelio Mojica Lim\u00f3n, record\u00f3 que el papa Le\u00f3n XIV ya se pronunci\u00f3 sobre la crisis, exhortando a las partes involucradas a dejar de lado la violencia y optar por rutas de justicia, di\u00e1logo y paz como \u00fanica v\u00eda para resolver el conflicto.<\/p>\n\n\n\n<p>Se\u00f1al\u00f3 que la advertencia del mandatario estadounidense sobre un posible uso de la fuerza militar no es nueva, pues hab\u00eda sido planteada en meses anteriores; sin embargo, lament\u00f3 que finalmente se haya materializado, lo que genera un escenario de alta tensi\u00f3n pol\u00edtica y social.<\/p>\n\n\n\n<p>Ante este contexto, la Iglesia cat\u00f3lica hizo un llamado directo al gobierno de Estados Unidos para que permita al pueblo venezolano avanzar hacia la restauraci\u00f3n de su gobierno y de sus instituciones republicanas, sin imposiciones externas que vulneren su soberan\u00eda.<\/p>\n\n\n\n<p>Asimismo, Mojica Lim\u00f3n pidi\u00f3 la intervenci\u00f3n activa de organismos internacionales como la Organizaci\u00f3n de Estados Americanos (OEA) y la Organizaci\u00f3n de las Naciones Unidas (ONU), a fin de que contribuyan a la construcci\u00f3n de mecanismos de di\u00e1logo y pacificaci\u00f3n entre Estados Unidos y Venezuela.<\/p>\n","protected":false},"excerpt":{"rendered":"<p>Jes\u00fas Utrilla &#8211; NV Noticias Veracruz, Ver., 04 de enero de 2026.\u2013 Tras el anuncio del presidente de Estados Unidos, Donald Trump, sobre la toma de control de Venezuela, la Iglesia cat\u00f3lica en Veracruz llam\u00f3 a que se garantice el respeto irrestricto a los derechos humanos del pueblo venezolano y se preserve el Estado de [&hellip;]<\/p>\n","protected":false},"author":6,"featured_media":205356,"comment_status":"open","ping_status":"open","sticky":false,"template":"","format":"standard","meta":{"_monsterinsights_skip_tracking":false,"_monsterinsights_sitenote_active":false,"_monsterinsights_sitenote_note":"","_monsterinsights_sitenote_category":0,"footnotes":""},"categories":[154],"tags":[2708,1540],"class_list":["post-205355","post","type-post","status-publish","format-standard","has-post-thumbnail","hentry","category-veracruz","tag-iglesia-catolica","tag-venezuela","wp-image-borders"],"amp_enabled":true,"_links":{"self":[{"href":"https:\/\/nvnoticias.mx\/index.php\/wp-json\/wp\/v2\/posts\/205355","targetHints":{"allow":["GET"]}}],"collection":[{"href":"https:\/\/nvnoticias.mx\/index.php\/wp-json\/wp\/v2\/posts"}],"about":[{"href":"https:\/\/nvnoticias.mx\/index.php\/wp-json\/wp\/v2\/types\/post"}],"author":[{"embeddable":true,"href":"https:\/\/nvnoticias.mx\/index.php\/wp-json\/wp\/v2\/users\/6"}],"replies":[{"embeddable":true,"href":"https:\/\/nvnoticias.mx\/index.php\/wp-json\/wp\/v2\/comments?post=205355"}],"version-history":[{"count":1,"href":"https:\/\/nvnoticias.mx\/index.php\/wp-json\/wp\/v2\/posts\/205355\/revisions"}],"predecessor-version":[{"id":205357,"href":"https:\/\/nvnoticias.mx\/index.php\/wp-json\/wp\/v2\/posts\/205355\/revisions\/205357"}],"wp:featuredmedia":[{"embeddable":true,"href":"https:\/\/nvnoticias.mx\/index.php\/wp-json\/wp\/v2\/media\/205356"}],"wp:attachment":[{"href":"https:\/\/nvnoticias.mx\/index.php\/wp-json\/wp\/v2\/media?parent=205355"}],"wp:term":[{"taxonomy":"category","embeddable":true,"href":"https:\/\/nvnoticias.mx\/index.php\/wp-json\/wp\/v2\/categories?post=205355"},{"taxonomy":"post_tag","embeddable":true,"href":"https:\/\/nvnoticias.mx\/index.php\/wp-json\/wp\/v2\/tags?post=205355"}],"curies":[{"name":"wp","href":"https:\/\/api.w.org\/{rel}","templated":true}]}}