{"id":205327,"date":"2026-01-04T09:24:38","date_gmt":"2026-01-04T15:24:38","guid":{"rendered":"https:\/\/nvnoticias.mx\/?p=205327"},"modified":"2026-01-04T09:24:42","modified_gmt":"2026-01-04T15:24:42","slug":"asume-delcy-rodriguez-la-presidencia-interina-de-venezuela","status":"publish","type":"post","link":"https:\/\/nvnoticias.mx\/index.php\/2026\/01\/04\/asume-delcy-rodriguez-la-presidencia-interina-de-venezuela\/","title":{"rendered":"Asume Delcy Rodr\u00edguez la presidencia interina de Venezuela"},"content":{"rendered":"\n<p><\/p>\n\n\n\n<p>El Tribunal Supremo de Justicia de Venezuela orden\u00f3 el s\u00e1bado a la vicepresidenta Delcy Rodr\u00edguez asumir de forma interina los poderes del presidente Nicol\u00e1s Maduro, arrestado por Estados Unidos despu\u00e9s de bombardear Caracas.<\/p>\n\n\n\n<p>La Sala Constitucional de la m\u00e1xima corte del pa\u00eds sentenci\u00f3 &#8220;que (Delcy) Rodr\u00edguez asuma y ejerza en condici\u00f3n de encargada todas las atribuciones, deberes y facultades inherentes al cargo de presidenta de la Rep\u00fablica Bolivariana de Venezuela con el fin de garantizar la continuidad administrativa y la defensa integral de la naci\u00f3n&#8221;.<\/p>\n\n\n\n<p>El fallo descarta por ahora la falta absoluta de Maduro, que obligar\u00eda a convocar elecciones en los 30 d\u00edas siguientes.<\/p>\n\n\n\n<p>Maduro ha llamado a Rodr\u00edguez una &#8220;tigresa&#8221; por su f\u00e9rrea defensa del gobierno socialista.<\/p>\n\n\n\n<p>La vicepresidenta trabaja en estrecha colaboraci\u00f3n con su hermano, Jorge Rodr\u00edguez, quien es el jefe de la Asamblea Nacional.<\/p>\n\n\n\n<p><strong>\u00bfQui\u00e9n es Delcy Rodr\u00edguez?\u00a0<br><\/strong>Rodr\u00edguez, de 56 a\u00f1os y oriunda de Caracas, naci\u00f3 el 18 de mayo de 1969 y es hija del guerrillero izquierdista, Jorge Antonio Rodr\u00edguez, quien fund\u00f3 el partido revolucionario Liga Socialista en los a\u00f1os 70.<\/p>\n\n\n\n<p>Las funciones de Rodr\u00edguez como ministra de Hacienda y de Hidrocarburos, junto con su cargo de vicepresidenta, la han convertido en una figura clave en la gesti\u00f3n de la econom\u00eda venezolana y le han otorgado una gran influencia en el debilitado sector privado del pa\u00eds. Ha seguido aplicando pol\u00edticas econ\u00f3micas ortodoxas en un intento por combatir la inflaci\u00f3n desmesurada.<\/p>\n\n\n\n<p>Durante una comparecencia ante la televisi\u00f3n p\u00fablica tras la operaci\u00f3n militar, afirm\u00f3 que Maduro es el \u00fanico presidente de Venezuela, pese a que Trump se\u00f1al\u00f3 que ella hab\u00eda tomado posesi\u00f3n del cargo.<\/p>\n\n\n\n<p>Rodr\u00edguez pidi\u00f3 calma y unidad para defender el pa\u00eds ante el &#8220;secuestro&#8221; de Maduro y afirm\u00f3 que Venezuela nunca ser\u00e1 colonia de ninguna naci\u00f3n.<\/p>\n\n\n\n<p>Fuente: <a href=\"https:\/\/www.milenio.com\/internacional\/delcy-rodriguez-designada-presidenta-interina-venezuela\">Milenio<\/a><\/p>\n","protected":false},"excerpt":{"rendered":"<p>El Tribunal Supremo de Justicia de Venezuela orden\u00f3 el s\u00e1bado a la vicepresidenta Delcy Rodr\u00edguez asumir de forma interina los poderes del presidente Nicol\u00e1s Maduro, arrestado por Estados Unidos despu\u00e9s de bombardear Caracas. La Sala Constitucional de la m\u00e1xima corte del pa\u00eds sentenci\u00f3 &#8220;que (Delcy) Rodr\u00edguez asuma y ejerza en condici\u00f3n de encargada todas las [&hellip;]<\/p>\n","protected":false},"author":6,"featured_media":205328,"comment_status":"open","ping_status":"open","sticky":false,"template":"","format":"standard","meta":{"_monsterinsights_skip_tracking":false,"_monsterinsights_sitenote_active":false,"_monsterinsights_sitenote_note":"","_monsterinsights_sitenote_category":0,"footnotes":""},"categories":[181],"tags":[32872,162,1540],"class_list":["post-205327","post","type-post","status-publish","format-standard","has-post-thumbnail","hentry","category-internacional","tag-delcy-rodriguez","tag-portada","tag-venezuela","wp-image-borders"],"amp_enabled":true,"_links":{"self":[{"href":"https:\/\/nvnoticias.mx\/index.php\/wp-json\/wp\/v2\/posts\/205327","targetHints":{"allow":["GET"]}}],"collection":[{"href":"https:\/\/nvnoticias.mx\/index.php\/wp-json\/wp\/v2\/posts"}],"about":[{"href":"https:\/\/nvnoticias.mx\/index.php\/wp-json\/wp\/v2\/types\/post"}],"author":[{"embeddable":true,"href":"https:\/\/nvnoticias.mx\/index.php\/wp-json\/wp\/v2\/users\/6"}],"replies":[{"embeddable":true,"href":"https:\/\/nvnoticias.mx\/index.php\/wp-json\/wp\/v2\/comments?post=205327"}],"version-history":[{"count":1,"href":"https:\/\/nvnoticias.mx\/index.php\/wp-json\/wp\/v2\/posts\/205327\/revisions"}],"predecessor-version":[{"id":205329,"href":"https:\/\/nvnoticias.mx\/index.php\/wp-json\/wp\/v2\/posts\/205327\/revisions\/205329"}],"wp:featuredmedia":[{"embeddable":true,"href":"https:\/\/nvnoticias.mx\/index.php\/wp-json\/wp\/v2\/media\/205328"}],"wp:attachment":[{"href":"https:\/\/nvnoticias.mx\/index.php\/wp-json\/wp\/v2\/media?parent=205327"}],"wp:term":[{"taxonomy":"category","embeddable":true,"href":"https:\/\/nvnoticias.mx\/index.php\/wp-json\/wp\/v2\/categories?post=205327"},{"taxonomy":"post_tag","embeddable":true,"href":"https:\/\/nvnoticias.mx\/index.php\/wp-json\/wp\/v2\/tags?post=205327"}],"curies":[{"name":"wp","href":"https:\/\/api.w.org\/{rel}","templated":true}]}}