{"id":205321,"date":"2026-01-03T17:15:57","date_gmt":"2026-01-03T23:15:57","guid":{"rendered":"https:\/\/nvnoticias.mx\/?p=205321"},"modified":"2026-01-03T17:16:01","modified_gmt":"2026-01-03T23:16:01","slug":"llega-maduro-a-estados-unidos-para-ser-juzgado-por-narcotrafico-en-ny","status":"publish","type":"post","link":"https:\/\/nvnoticias.mx\/index.php\/2026\/01\/03\/llega-maduro-a-estados-unidos-para-ser-juzgado-por-narcotrafico-en-ny\/","title":{"rendered":"Llega Maduro a Estados Unidos para ser juzgado por narcotr\u00e1fico en NY"},"content":{"rendered":"\n<p><\/p>\n\n\n\n<p>El&nbsp;<strong>Boeing 757<\/strong>&nbsp;que traslad\u00f3 bajo custodia estadounidense al&nbsp;<strong>dictador venezolano Nicol\u00e1s Maduro&nbsp;<\/strong>aterriz\u00f3 este s\u00e1bado en el estado de Nueva York. La aeronave toc\u00f3 pista en el<strong>&nbsp;aeropuerto internacional Stewart<\/strong>, al norte de la ciudad, donde agentes federales abordaron el avi\u00f3n para asegurar el procedimiento previo a su traslado a una<strong>&nbsp;prisi\u00f3n federal.<\/strong><\/p>\n\n\n\n<p>De acuerdo con la cadena&nbsp;<em>CNN<\/em>, Maduro ser\u00e1 llevado al<strong>&nbsp;Metropolitan Detention Center<\/strong>&nbsp;(MDC), una c\u00e1rcel federal ubicada en&nbsp;<strong>Brooklyn<\/strong>, a la espera de su primera comparecencia ante un juez. Su esposa,<strong>&nbsp;Cilia Flores,<\/strong>&nbsp;viaj\u00f3 en el mismo vuelo y qued\u00f3 igualmente bajo custodia.<\/p>\n\n\n\n<blockquote class=\"twitter-tweet\" data-media-max-width=\"560\"><p lang=\"es\" dir=\"ltr\">\u25b6\ufe0f \ud83d\udea8  <a href=\"https:\/\/twitter.com\/hashtag\/%C3%9ALTIMAHORA?src=hash&amp;ref_src=twsrc%5Etfw\">#\u00daLTIMAHORA<\/a> | | As\u00ed fue el momento en el que Nicol\u00e1s Maduro, presidente de Venezuela, lleg\u00f3 a Nueva York tras ser detenido por EU<br><br>\ud83d\udcfa <a href=\"https:\/\/twitter.com\/hashtag\/MILENIO16h?src=hash&amp;ref_src=twsrc%5Etfw\">#MILENIO16h<\/a> con Rub\u00e9n Carre\u00f3n <a href=\"https:\/\/t.co\/YfyJrzeFF2\">pic.twitter.com\/YfyJrzeFF2<\/a><\/p>&mdash; Milenio (@Milenio) <a href=\"https:\/\/twitter.com\/Milenio\/status\/2007580289288020100?ref_src=twsrc%5Etfw\">January 3, 2026<\/a><\/blockquote> <script async src=\"https:\/\/platform.twitter.com\/widgets.js\" charset=\"utf-8\"><\/script>\n\n\n\n<p>La<strong>&nbsp;Fiscal\u00eda del Distrito Sur de Nueva York&nbsp;<\/strong>acus\u00f3 formalmente a Maduro en 2020 y este s\u00e1bado hizo p\u00fablica una acusaci\u00f3n sustitutiva que mantiene los cargos por&nbsp;<strong>narcoterrorismo, conspiraci\u00f3n para importar coca\u00edna y delitos vinculados al uso de armas autom\u00e1ticas<\/strong>. Hasta ahora, el proceso se desarrollaba sin la presencia del acusado en territorio estadounidense.<\/p>\n\n\n\n<p>Seg\u00fan las autoridades, la operaci\u00f3n que permiti\u00f3 su detenci\u00f3n se ejecut\u00f3 horas antes en Caracas. El presidente Donald Trump confirm\u00f3 que el destino final de los detenidos ser\u00eda Nueva York. \u201c<strong>Ser\u00e1n llevados a Nueva York<\/strong>\u201d, afirm\u00f3 el mandatario en declaraciones televisivas, al referirse a los pasos posteriores a la captura.<\/p>\n\n\n\n<p>Trump describi\u00f3 el operativo como una acci\u00f3n de alta complejidad, planificada durante meses.<\/p>\n\n\n\n<p>\u201c<strong>Fueron meses de trabajo de nuestros colegas de los servicios de inteligencia<\/strong>\u201d, explic\u00f3 el jefe del Estado Mayor Conjunto, general Dan Caine, al detallar que se recopilaron datos sobre los movimientos y rutinas de Maduro antes de ejecutar la misi\u00f3n.<\/p>\n\n\n\n<p>\u201c<strong>Observamos, esperamos, nos preparamos\u201d<\/strong>, a\u00f1adi\u00f3 el militar en una rueda de prensa.<\/p>\n\n\n\n<p>Caine precis\u00f3 que m\u00e1s de 150 aeronaves participaron en la misi\u00f3n, coordinadas en distintos puntos del hemisferio.<\/p>\n\n\n\n<p>El presidente estadounidense relat\u00f3 que sigui\u00f3 la operaci\u00f3n en tiempo real. \u201c<strong>La vi, literalmente, como si estuviera viendo un programa de televisi\u00f3n<\/strong>\u201d, dijo Trump en una entrevista con&nbsp;<em>Fox News<\/em>, al describir el despliegue de aeronaves y fuerzas especiales.<\/p>\n\n\n\n<p>Tras la captura, Maduro y Flores fueron evacuados y puestos bajo control militar estadounidense. Trump sostuvo que no hubo bajas entre las fuerzas de su pa\u00eds.<\/p>\n\n\n\n<blockquote class=\"wp-block-quote is-layout-flow wp-block-quote-is-layout-flow\">\n<p><strong>\u201cQue no hayamos tenido ning\u00fan muerto fue incre\u00edble<\/strong>\u201d, se\u00f1al\u00f3 el mandatario.<\/p>\n<\/blockquote>\n\n\n\n<p>La chavista Delcy Rodr\u00edguez asegur\u00f3 que Maduro sigue siendo el jefe de Estado y exigi\u00f3 su liberaci\u00f3n.<\/p>\n\n\n\n<blockquote class=\"wp-block-quote is-layout-flow wp-block-quote-is-layout-flow\">\n<p>\u201c<strong>\u00danico presidente de Venezuela, el presidente Nicol\u00e1s Madur<\/strong>o\u201d, afirm\u00f3 durante una reuni\u00f3n del Consejo de Defensa de la Naci\u00f3n transmitida por cadena nacional.<\/p>\n<\/blockquote>\n","protected":false},"excerpt":{"rendered":"<p>El&nbsp;Boeing 757&nbsp;que traslad\u00f3 bajo custodia estadounidense al&nbsp;dictador venezolano Nicol\u00e1s Maduro&nbsp;aterriz\u00f3 este s\u00e1bado en el estado de Nueva York. La aeronave toc\u00f3 pista en el&nbsp;aeropuerto internacional Stewart, al norte de la ciudad, donde agentes federales abordaron el avi\u00f3n para asegurar el procedimiento previo a su traslado a una&nbsp;prisi\u00f3n federal. De acuerdo con la cadena&nbsp;CNN, Maduro ser\u00e1 [&hellip;]<\/p>\n","protected":false},"author":6,"featured_media":205322,"comment_status":"open","ping_status":"open","sticky":false,"template":"","format":"standard","meta":{"_monsterinsights_skip_tracking":false,"_monsterinsights_sitenote_active":false,"_monsterinsights_sitenote_note":"","_monsterinsights_sitenote_category":0,"footnotes":""},"categories":[181],"tags":[21728,1912,162],"class_list":["post-205321","post","type-post","status-publish","format-standard","has-post-thumbnail","hentry","category-internacional","tag-maduro","tag-narcotrafico","tag-portada","wp-image-borders"],"amp_enabled":true,"_links":{"self":[{"href":"https:\/\/nvnoticias.mx\/index.php\/wp-json\/wp\/v2\/posts\/205321","targetHints":{"allow":["GET"]}}],"collection":[{"href":"https:\/\/nvnoticias.mx\/index.php\/wp-json\/wp\/v2\/posts"}],"about":[{"href":"https:\/\/nvnoticias.mx\/index.php\/wp-json\/wp\/v2\/types\/post"}],"author":[{"embeddable":true,"href":"https:\/\/nvnoticias.mx\/index.php\/wp-json\/wp\/v2\/users\/6"}],"replies":[{"embeddable":true,"href":"https:\/\/nvnoticias.mx\/index.php\/wp-json\/wp\/v2\/comments?post=205321"}],"version-history":[{"count":1,"href":"https:\/\/nvnoticias.mx\/index.php\/wp-json\/wp\/v2\/posts\/205321\/revisions"}],"predecessor-version":[{"id":205323,"href":"https:\/\/nvnoticias.mx\/index.php\/wp-json\/wp\/v2\/posts\/205321\/revisions\/205323"}],"wp:featuredmedia":[{"embeddable":true,"href":"https:\/\/nvnoticias.mx\/index.php\/wp-json\/wp\/v2\/media\/205322"}],"wp:attachment":[{"href":"https:\/\/nvnoticias.mx\/index.php\/wp-json\/wp\/v2\/media?parent=205321"}],"wp:term":[{"taxonomy":"category","embeddable":true,"href":"https:\/\/nvnoticias.mx\/index.php\/wp-json\/wp\/v2\/categories?post=205321"},{"taxonomy":"post_tag","embeddable":true,"href":"https:\/\/nvnoticias.mx\/index.php\/wp-json\/wp\/v2\/tags?post=205321"}],"curies":[{"name":"wp","href":"https:\/\/api.w.org\/{rel}","templated":true}]}}