{"id":205296,"date":"2026-01-03T13:27:33","date_gmt":"2026-01-03T19:27:33","guid":{"rendered":"https:\/\/nvnoticias.mx\/?p=205296"},"modified":"2026-01-03T13:27:38","modified_gmt":"2026-01-03T19:27:38","slug":"uv-ampliara-su-matricula-con-1200-lugares-en-programas-virtuales","status":"publish","type":"post","link":"https:\/\/nvnoticias.mx\/index.php\/2026\/01\/03\/uv-ampliara-su-matricula-con-1200-lugares-en-programas-virtuales\/","title":{"rendered":"UV ampliar\u00e1 su matr\u00edcula con 1,200 lugares en programas virtuales"},"content":{"rendered":"\n<p><\/p>\n\n\n\n<p><strong>Sam Ojeda &#8211; NV Noticias<\/strong><\/p>\n\n\n\n<p>Xalapa.- La Universidad Veracruzana (UV) incorporar\u00e1 alrededor de mil 200 nuevos espacios en su pr\u00f3xima convocatoria de ingreso, los cuales se concentrar\u00e1n principalmente en programas virtuales y en esquemas h\u00edbridos, como parte de su estrategia de crecimiento gradual de la matr\u00edcula.<\/p>\n\n\n\n<p>El rector de la instituci\u00f3n, Mart\u00edn Aguilar S\u00e1nchez, inform\u00f3 que esta ampliaci\u00f3n forma parte del plan institucional para responder a la demanda de educaci\u00f3n superior y facilitar el acceso a estudiantes que no pueden incorporarse a la modalidad presencial.<\/p>\n\n\n\n<blockquote class=\"wp-block-quote is-layout-flow wp-block-quote-is-layout-flow\">\n<p>\u201cPara la convocatoria de febrero seguimos con un programa de crecimiento de la ampliaci\u00f3n de la matr\u00edcula que es gradual; en este a\u00f1o estamos pensando aproximadamente abrir un espacio, sobre todo en el \u00e1rea virtual, de m\u00e1s o menos mil 200 estudiantes m\u00e1s\u201d.<\/p>\n<\/blockquote>\n\n\n\n<p>El acad\u00e9mico record\u00f3 que esta pol\u00edtica de expansi\u00f3n no es reciente, ya que en el periodo anterior la universidad logr\u00f3 incrementar su matr\u00edcula en casi cuatro mil estudiantes, bajo el mismo esquema progresivo.<\/p>\n\n\n\n<p>Como parte de este proceso, la UV tambi\u00e9n ha impulsado la extensi\u00f3n de facultades en carreras con alta demanda, particularmente en el \u00e1rea de la salud, donde se han habilitado m\u00e1s espacios pese a la saturaci\u00f3n hist\u00f3rica de estos programas.<\/p>\n\n\n\n<blockquote class=\"wp-block-quote is-layout-flow wp-block-quote-is-layout-flow\">\n<p>\u201cEl periodo pasado estuvimos en extensi\u00f3n tambi\u00e9n de facultades como Medicina, Odontolog\u00eda y Enfermer\u00eda; aunque son carreras muy saturadas, cre\u00edmos conveniente plantear extensiones ah\u00ed\u201d.<\/p>\n<\/blockquote>\n\n\n\n<p>Detall\u00f3 que la nueva oferta acad\u00e9mica abarcar\u00e1 \u00e1reas como administraci\u00f3n, contabilidad, inform\u00e1tica y ciencias de la salud, mientras que en el nivel de posgrado se contempla una ampliaci\u00f3n en todas las \u00e1reas del conocimiento, con \u00e9nfasis en esquemas no presenciales.<\/p>\n","protected":false},"excerpt":{"rendered":"<p>Sam Ojeda &#8211; NV Noticias Xalapa.- La Universidad Veracruzana (UV) incorporar\u00e1 alrededor de mil 200 nuevos espacios en su pr\u00f3xima convocatoria de ingreso, los cuales se concentrar\u00e1n principalmente en programas virtuales y en esquemas h\u00edbridos, como parte de su estrategia de crecimiento gradual de la matr\u00edcula. El rector de la instituci\u00f3n, Mart\u00edn Aguilar S\u00e1nchez, inform\u00f3 [&hellip;]<\/p>\n","protected":false},"author":6,"featured_media":203079,"comment_status":"open","ping_status":"open","sticky":false,"template":"","format":"standard","meta":{"_monsterinsights_skip_tracking":false,"_monsterinsights_sitenote_active":false,"_monsterinsights_sitenote_note":"","_monsterinsights_sitenote_category":0,"footnotes":""},"categories":[156],"tags":[1164],"class_list":["post-205296","post","type-post","status-publish","format-standard","has-post-thumbnail","hentry","category-estado","tag-uv","wp-image-borders"],"amp_enabled":true,"_links":{"self":[{"href":"https:\/\/nvnoticias.mx\/index.php\/wp-json\/wp\/v2\/posts\/205296","targetHints":{"allow":["GET"]}}],"collection":[{"href":"https:\/\/nvnoticias.mx\/index.php\/wp-json\/wp\/v2\/posts"}],"about":[{"href":"https:\/\/nvnoticias.mx\/index.php\/wp-json\/wp\/v2\/types\/post"}],"author":[{"embeddable":true,"href":"https:\/\/nvnoticias.mx\/index.php\/wp-json\/wp\/v2\/users\/6"}],"replies":[{"embeddable":true,"href":"https:\/\/nvnoticias.mx\/index.php\/wp-json\/wp\/v2\/comments?post=205296"}],"version-history":[{"count":1,"href":"https:\/\/nvnoticias.mx\/index.php\/wp-json\/wp\/v2\/posts\/205296\/revisions"}],"predecessor-version":[{"id":205297,"href":"https:\/\/nvnoticias.mx\/index.php\/wp-json\/wp\/v2\/posts\/205296\/revisions\/205297"}],"wp:featuredmedia":[{"embeddable":true,"href":"https:\/\/nvnoticias.mx\/index.php\/wp-json\/wp\/v2\/media\/203079"}],"wp:attachment":[{"href":"https:\/\/nvnoticias.mx\/index.php\/wp-json\/wp\/v2\/media?parent=205296"}],"wp:term":[{"taxonomy":"category","embeddable":true,"href":"https:\/\/nvnoticias.mx\/index.php\/wp-json\/wp\/v2\/categories?post=205296"},{"taxonomy":"post_tag","embeddable":true,"href":"https:\/\/nvnoticias.mx\/index.php\/wp-json\/wp\/v2\/tags?post=205296"}],"curies":[{"name":"wp","href":"https:\/\/api.w.org\/{rel}","templated":true}]}}