{"id":205294,"date":"2026-01-03T12:12:35","date_gmt":"2026-01-03T18:12:35","guid":{"rendered":"https:\/\/nvnoticias.mx\/?p=205294"},"modified":"2026-01-03T12:12:39","modified_gmt":"2026-01-03T18:12:39","slug":"cedh-reconoce-casos-de-discriminacion-contra-personas-lgbt-en-veracruz","status":"publish","type":"post","link":"https:\/\/nvnoticias.mx\/index.php\/2026\/01\/03\/cedh-reconoce-casos-de-discriminacion-contra-personas-lgbt-en-veracruz\/","title":{"rendered":"CEDH reconoce casos de discriminaci\u00f3n contra personas LGBT en Veracruz"},"content":{"rendered":"\n<p><\/p>\n\n\n\n<p><strong>Sam Ojeda &#8211; NV Noticias<\/strong><\/p>\n\n\n\n<p>Xalapa.- La Comisi\u00f3n Estatal de Derechos Humanos de Veracruz (CEDH) admiti\u00f3 que en el estado persisten actos de discriminaci\u00f3n contra personas de la diversidad sexual, luego de confirmar la emisi\u00f3n de al menos una recomendaci\u00f3n durante 2025 por este motivo.<\/p>\n\n\n\n<p>La presidenta del organismo, Minerva Regina P\u00e9rez L\u00f3pez, inform\u00f3 que el caso estuvo relacionado con la Secretar\u00eda de Seguridad P\u00fablica, lo que evidencia que a\u00fan se presentan pr\u00e1cticas que vulneran los derechos de integrantes de la comunidad LGBT.<\/p>\n\n\n\n<p>Indic\u00f3 que, aunque se han emitido dos recomendaciones por hechos de discriminaci\u00f3n, la mayor\u00eda de las solicitudes que recibe la CEDH no corresponden a violaciones formales, sino a peticiones de orientaci\u00f3n y acompa\u00f1amiento.<\/p>\n\n\n\n<p>Detall\u00f3 que el organismo atiende en promedio alrededor de 800 solicitudes al mes, muchas de ellas relacionadas con temas de salud, educaci\u00f3n y asuntos laborales, en las que se busca prevenir que las problem\u00e1ticas escalen.<\/p>\n\n\n\n<p>Finalmente, subray\u00f3 que el objetivo de la Comisi\u00f3n es intervenir de manera oportuna para evitar violaciones a derechos humanos y canalizar los casos ante las autoridades correspondientes.<\/p>\n","protected":false},"excerpt":{"rendered":"<p>Sam Ojeda &#8211; NV Noticias Xalapa.- La Comisi\u00f3n Estatal de Derechos Humanos de Veracruz (CEDH) admiti\u00f3 que en el estado persisten actos de discriminaci\u00f3n contra personas de la diversidad sexual, luego de confirmar la emisi\u00f3n de al menos una recomendaci\u00f3n durante 2025 por este motivo. La presidenta del organismo, Minerva Regina P\u00e9rez L\u00f3pez, inform\u00f3 que [&hellip;]<\/p>\n","protected":false},"author":6,"featured_media":113800,"comment_status":"open","ping_status":"open","sticky":false,"template":"","format":"standard","meta":{"_monsterinsights_skip_tracking":false,"_monsterinsights_sitenote_active":false,"_monsterinsights_sitenote_note":"","_monsterinsights_sitenote_category":0,"footnotes":""},"categories":[156],"tags":[353,1458],"class_list":["post-205294","post","type-post","status-publish","format-standard","has-post-thumbnail","hentry","category-estado","tag-cedh","tag-lgbt","wp-image-borders"],"amp_enabled":true,"_links":{"self":[{"href":"https:\/\/nvnoticias.mx\/index.php\/wp-json\/wp\/v2\/posts\/205294","targetHints":{"allow":["GET"]}}],"collection":[{"href":"https:\/\/nvnoticias.mx\/index.php\/wp-json\/wp\/v2\/posts"}],"about":[{"href":"https:\/\/nvnoticias.mx\/index.php\/wp-json\/wp\/v2\/types\/post"}],"author":[{"embeddable":true,"href":"https:\/\/nvnoticias.mx\/index.php\/wp-json\/wp\/v2\/users\/6"}],"replies":[{"embeddable":true,"href":"https:\/\/nvnoticias.mx\/index.php\/wp-json\/wp\/v2\/comments?post=205294"}],"version-history":[{"count":1,"href":"https:\/\/nvnoticias.mx\/index.php\/wp-json\/wp\/v2\/posts\/205294\/revisions"}],"predecessor-version":[{"id":205295,"href":"https:\/\/nvnoticias.mx\/index.php\/wp-json\/wp\/v2\/posts\/205294\/revisions\/205295"}],"wp:featuredmedia":[{"embeddable":true,"href":"https:\/\/nvnoticias.mx\/index.php\/wp-json\/wp\/v2\/media\/113800"}],"wp:attachment":[{"href":"https:\/\/nvnoticias.mx\/index.php\/wp-json\/wp\/v2\/media?parent=205294"}],"wp:term":[{"taxonomy":"category","embeddable":true,"href":"https:\/\/nvnoticias.mx\/index.php\/wp-json\/wp\/v2\/categories?post=205294"},{"taxonomy":"post_tag","embeddable":true,"href":"https:\/\/nvnoticias.mx\/index.php\/wp-json\/wp\/v2\/tags?post=205294"}],"curies":[{"name":"wp","href":"https:\/\/api.w.org\/{rel}","templated":true}]}}