{"id":205281,"date":"2026-01-03T11:26:39","date_gmt":"2026-01-03T17:26:39","guid":{"rendered":"https:\/\/nvnoticias.mx\/?p=205281"},"modified":"2026-01-03T11:26:44","modified_gmt":"2026-01-03T17:26:44","slug":"la-cuesta-de-enero-podria-ser-severa-advierte-el-imef","status":"publish","type":"post","link":"https:\/\/nvnoticias.mx\/index.php\/2026\/01\/03\/la-cuesta-de-enero-podria-ser-severa-advierte-el-imef\/","title":{"rendered":"La cuesta de enero podr\u00eda ser severa advierte el IMEF"},"content":{"rendered":"\n<p><\/p>\n\n\n\n<p><strong>Jes\u00fas Utrilla &#8211; NV Noticias<\/strong><\/p>\n\n\n\n<p>La llamada \u201ccuesta de enero\u201d podr\u00eda presentar mayores dificultades econ\u00f3micas para las familias veracruzanas durante este arranque de 2026, por lo que ser\u00e1 fundamental una administraci\u00f3n responsable de los ingresos extraordinarios y un control estricto del gasto, advirti\u00f3 Ram\u00f3n Ortega D\u00edaz, presidente del Instituto Mexicano de Ejecutivos de Finanzas (IMEF) en Veracruz.<\/p>\n\n\n\n<p>Se\u00f1al\u00f3 que, ante un entorno econ\u00f3mico complejo, es recomendable que los hogares prioricen la planeaci\u00f3n financiera y eviten gastos impulsivos. Destac\u00f3 la importancia de considerar compromisos inevitables como el pago de colegiaturas, servicios b\u00e1sicos, impuestos y actividades propias del calendario local, que suelen concentrarse en los primeros meses del a\u00f1o.<\/p>\n\n\n\n<p>Ortega D\u00edaz explic\u00f3 que las previsiones econ\u00f3micas del IMEF apuntan a que 2026 iniciar\u00e1 con una inflaci\u00f3n superior al 4 por ciento, cifra que se ubica por encima de la expectativa del Banco de M\u00e9xico. Aunque confi\u00f3 en que la inflaci\u00f3n podr\u00eda moderarse gradualmente conforme avance el a\u00f1o, advirti\u00f3 que el impacto inicial se sentir\u00e1 con mayor fuerza en el poder adquisitivo de las familias.<\/p>\n\n\n\n<p>El presidente del IMEF Veracruz indic\u00f3 que diversos factores seguir\u00e1n presionando la econom\u00eda nacional, entre ellos el costo de los energ\u00e9ticos, la volatilidad del tipo de cambio y los efectos del clima en la producci\u00f3n de alimentos, elementos que inciden directamente en los precios al consumidor.<\/p>\n\n\n\n<p>Estos factores externos e internos generan un escenario de incertidumbre que obliga a fortalecer la cultura financiera, tanto en los hogares como en las peque\u00f1as y medianas empresas.<\/p>\n\n\n\n<p>Asimismo, se\u00f1al\u00f3 que el comportamiento del consumo ser\u00e1 determinante para la din\u00e1mica econ\u00f3mica de los primeros meses de 2026, por lo que una desaceleraci\u00f3n podr\u00eda impactar a diversos sectores productivos, particularmente al comercio y los servicios.<\/p>\n","protected":false},"excerpt":{"rendered":"<p>Jes\u00fas Utrilla &#8211; NV Noticias La llamada \u201ccuesta de enero\u201d podr\u00eda presentar mayores dificultades econ\u00f3micas para las familias veracruzanas durante este arranque de 2026, por lo que ser\u00e1 fundamental una administraci\u00f3n responsable de los ingresos extraordinarios y un control estricto del gasto, advirti\u00f3 Ram\u00f3n Ortega D\u00edaz, presidente del Instituto Mexicano de Ejecutivos de Finanzas (IMEF) [&hellip;]<\/p>\n","protected":false},"author":6,"featured_media":205282,"comment_status":"open","ping_status":"open","sticky":false,"template":"","format":"standard","meta":{"_monsterinsights_skip_tracking":false,"_monsterinsights_sitenote_active":false,"_monsterinsights_sitenote_note":"","_monsterinsights_sitenote_category":0,"footnotes":""},"categories":[154],"tags":[32870,17227],"class_list":["post-205281","post","type-post","status-publish","format-standard","has-post-thumbnail","hentry","category-veracruz","tag-cuesta-enero","tag-imef","wp-image-borders"],"amp_enabled":true,"_links":{"self":[{"href":"https:\/\/nvnoticias.mx\/index.php\/wp-json\/wp\/v2\/posts\/205281","targetHints":{"allow":["GET"]}}],"collection":[{"href":"https:\/\/nvnoticias.mx\/index.php\/wp-json\/wp\/v2\/posts"}],"about":[{"href":"https:\/\/nvnoticias.mx\/index.php\/wp-json\/wp\/v2\/types\/post"}],"author":[{"embeddable":true,"href":"https:\/\/nvnoticias.mx\/index.php\/wp-json\/wp\/v2\/users\/6"}],"replies":[{"embeddable":true,"href":"https:\/\/nvnoticias.mx\/index.php\/wp-json\/wp\/v2\/comments?post=205281"}],"version-history":[{"count":1,"href":"https:\/\/nvnoticias.mx\/index.php\/wp-json\/wp\/v2\/posts\/205281\/revisions"}],"predecessor-version":[{"id":205283,"href":"https:\/\/nvnoticias.mx\/index.php\/wp-json\/wp\/v2\/posts\/205281\/revisions\/205283"}],"wp:featuredmedia":[{"embeddable":true,"href":"https:\/\/nvnoticias.mx\/index.php\/wp-json\/wp\/v2\/media\/205282"}],"wp:attachment":[{"href":"https:\/\/nvnoticias.mx\/index.php\/wp-json\/wp\/v2\/media?parent=205281"}],"wp:term":[{"taxonomy":"category","embeddable":true,"href":"https:\/\/nvnoticias.mx\/index.php\/wp-json\/wp\/v2\/categories?post=205281"},{"taxonomy":"post_tag","embeddable":true,"href":"https:\/\/nvnoticias.mx\/index.php\/wp-json\/wp\/v2\/tags?post=205281"}],"curies":[{"name":"wp","href":"https:\/\/api.w.org\/{rel}","templated":true}]}}