{"id":205269,"date":"2026-01-03T09:34:24","date_gmt":"2026-01-03T15:34:24","guid":{"rendered":"https:\/\/nvnoticias.mx\/?p=205269"},"modified":"2026-01-03T09:34:28","modified_gmt":"2026-01-03T15:34:28","slug":"godoy-designa-a-ulises-lara-como-titular-de-fiscalia-de-asuntos-relevantes-de-la-fgr","status":"publish","type":"post","link":"https:\/\/nvnoticias.mx\/index.php\/2026\/01\/03\/godoy-designa-a-ulises-lara-como-titular-de-fiscalia-de-asuntos-relevantes-de-la-fgr\/","title":{"rendered":"Godoy designa a Ulises Lara como titular de fiscal\u00eda de Asuntos Relevantes de la FGR"},"content":{"rendered":"\n<p><\/p>\n\n\n\n<p>Ulises Lara L\u00f3pez, quien se desempe\u00f1aba como titular de la Fiscal\u00eda General de la Rep\u00fablica (FGR) en el estado de Morelos desde mayo de 2025, ahora encabezar\u00e1 la Fiscal\u00eda Especial en Investigaci\u00f3n de Asuntos Relevantes, as\u00ed lo dio a conocer el propio funcionario.<\/p>\n\n\n\n<p>A trav\u00e9s de sus redes sociales, Lara L\u00f3pez, quien tambi\u00e9n fungi\u00f3 como encargado de despacho en la Fiscal\u00eda General de Justicia de la Ciudad de M\u00e9xico (FGJ CdMx), inform\u00f3 que fue designado el 1 de enero en este cargo por la fiscal general de la Rep\u00fablica, Ernestina Godoy Ramos.<\/p>\n\n\n\n<p>&#8220;Agradezco la confianza vertida en mi persona, tengan la certeza de que como siempre, estaremos trabajando por la justicia&#8221;, comparti\u00f3 a trav\u00e9s de su cuenta de X.<\/p>\n\n\n\n<figure class=\"wp-block-embed is-type-rich is-provider-twitter wp-block-embed-twitter\"><div class=\"wp-block-embed__wrapper\">\n<blockquote class=\"twitter-tweet\" data-width=\"550\" data-dnt=\"true\"><p lang=\"es\" dir=\"ltr\">Les comparto que el d\u00eda de ayer, la Lic. <a href=\"https:\/\/twitter.com\/ErnestinaGodoy_?ref_src=twsrc%5Etfw\">@ErnestinaGodoy_<\/a> ha tenido a bien designarme Titular de la Fiscal\u00eda Especial en Investigaci\u00f3n de Asuntos Relevantes. Agradezco la confianza vertida en mi persona, tengan la certeza de que como siempre, estaremos trabajando por la justicia. <a href=\"https:\/\/t.co\/pinXbBukVA\">pic.twitter.com\/pinXbBukVA<\/a><\/p>&mdash; Ulises Lara L\u00f3pez (@UlisesLaraLopez) <a href=\"https:\/\/twitter.com\/UlisesLaraLopez\/status\/2007214313837342988?ref_src=twsrc%5Etfw\">January 2, 2026<\/a><\/blockquote><script async src=\"https:\/\/platform.twitter.com\/widgets.js\" charset=\"utf-8\"><\/script>\n<\/div><\/figure>\n\n\n\n<p><strong>\u00bfQui\u00e9n es Ulises Lara L\u00f3pez?<br><\/strong>Ulises Lara es licenciado en Sociolog\u00eda por la Facultad de Ciencias Pol\u00edticas y Sociales de la Universidad Nacional Aut\u00f3noma de M\u00e9xico (UNAM), y cuenta con una licenciatura en\u00a0Derecho por el Centro Universitario C\u00faspide de M\u00e9xico.<\/p>\n\n\n\n<p>Cuenta con un diplomado en Educaci\u00f3n Superior por la Universidad Aut\u00f3noma Metropolitana (UAM) Xochimilco y con otro en Pol\u00edticas y Gesti\u00f3n P\u00fablica por el Instituto de Investigaciones Sociales de la UNAM.<\/p>\n\n\n\n<p>Lara L\u00f3pez curs\u00f3 la Maestr\u00eda en Direcci\u00f3n y Gesti\u00f3n P\u00fablica Municipal en la Universidad Carlos III Espa\u00f1a y otra en Gobierno y Asunto P\u00fablicos en la UNAM. Tambi\u00e9n tiene una Especialidad en Negociaci\u00f3n y Gesti\u00f3n de Conflictos Pol\u00edticos y Sociales.<\/p>\n\n\n\n<p>Fue vocero de la fiscal\u00eda capitalina, y posteriormente, encargado de la misma en 2024. En mayo de 2025, fue nombrado como el nuevo titular de la Fiscal\u00eda federal en Morelos, en sustituci\u00f3n de&nbsp;Hugo Bello Ocampo.<\/p>\n\n\n\n<p><strong>Restructuraci\u00f3n de la FGR, estrategia de Ernestina Godoy<br><\/strong>Godoy ha apostado por una estrategia que lleve como eje la coordinaci\u00f3n entre la FGR, las instituciones del gabinete de Seguridad y autoridades estatales y municipales.<\/p>\n\n\n\n<p>Se ha referido tambi\u00e9n al fortalecimiento de las fiscal\u00edas estatales y la creaci\u00f3n de fiscal\u00edas especializadas, as\u00ed como a la implementaci\u00f3n de un nuevo modelo de investigaci\u00f3n e inteligencia.<\/p>\n\n\n\n<p>Tambi\u00e9n ha considerado necesaria una restructuraci\u00f3n de la FGR, apostando por la formaci\u00f3n de cuadros especializados.<\/p>\n\n\n\n<p>Fuente: <a href=\"https:\/\/www.milenio.com\/politica\/designan-ulises-lara-titular-fiscalia-asuntos-relevantes\">Milenio<\/a><\/p>\n","protected":false},"excerpt":{"rendered":"<p>Ulises Lara L\u00f3pez, quien se desempe\u00f1aba como titular de la Fiscal\u00eda General de la Rep\u00fablica (FGR) en el estado de Morelos desde mayo de 2025, ahora encabezar\u00e1 la Fiscal\u00eda Especial en Investigaci\u00f3n de Asuntos Relevantes, as\u00ed lo dio a conocer el propio funcionario. A trav\u00e9s de sus redes sociales, Lara L\u00f3pez, quien tambi\u00e9n fungi\u00f3 como [&hellip;]<\/p>\n","protected":false},"author":6,"featured_media":205270,"comment_status":"open","ping_status":"open","sticky":false,"template":"","format":"standard","meta":{"_monsterinsights_skip_tracking":false,"_monsterinsights_sitenote_active":false,"_monsterinsights_sitenote_note":"","_monsterinsights_sitenote_category":0,"footnotes":""},"categories":[158],"tags":[226,28960],"class_list":["post-205269","post","type-post","status-publish","format-standard","has-post-thumbnail","hentry","category-politica","tag-fgr","tag-ulises-lara","wp-image-borders"],"amp_enabled":true,"_links":{"self":[{"href":"https:\/\/nvnoticias.mx\/index.php\/wp-json\/wp\/v2\/posts\/205269","targetHints":{"allow":["GET"]}}],"collection":[{"href":"https:\/\/nvnoticias.mx\/index.php\/wp-json\/wp\/v2\/posts"}],"about":[{"href":"https:\/\/nvnoticias.mx\/index.php\/wp-json\/wp\/v2\/types\/post"}],"author":[{"embeddable":true,"href":"https:\/\/nvnoticias.mx\/index.php\/wp-json\/wp\/v2\/users\/6"}],"replies":[{"embeddable":true,"href":"https:\/\/nvnoticias.mx\/index.php\/wp-json\/wp\/v2\/comments?post=205269"}],"version-history":[{"count":1,"href":"https:\/\/nvnoticias.mx\/index.php\/wp-json\/wp\/v2\/posts\/205269\/revisions"}],"predecessor-version":[{"id":205271,"href":"https:\/\/nvnoticias.mx\/index.php\/wp-json\/wp\/v2\/posts\/205269\/revisions\/205271"}],"wp:featuredmedia":[{"embeddable":true,"href":"https:\/\/nvnoticias.mx\/index.php\/wp-json\/wp\/v2\/media\/205270"}],"wp:attachment":[{"href":"https:\/\/nvnoticias.mx\/index.php\/wp-json\/wp\/v2\/media?parent=205269"}],"wp:term":[{"taxonomy":"category","embeddable":true,"href":"https:\/\/nvnoticias.mx\/index.php\/wp-json\/wp\/v2\/categories?post=205269"},{"taxonomy":"post_tag","embeddable":true,"href":"https:\/\/nvnoticias.mx\/index.php\/wp-json\/wp\/v2\/tags?post=205269"}],"curies":[{"name":"wp","href":"https:\/\/api.w.org\/{rel}","templated":true}]}}