{"id":205262,"date":"2026-01-03T09:02:41","date_gmt":"2026-01-03T15:02:41","guid":{"rendered":"https:\/\/nvnoticias.mx\/?p=205262"},"modified":"2026-01-03T09:02:45","modified_gmt":"2026-01-03T15:02:45","slug":"que-pasara-con-venezuela-tras-la-detencion-de-nicolas-maduro","status":"publish","type":"post","link":"https:\/\/nvnoticias.mx\/index.php\/2026\/01\/03\/que-pasara-con-venezuela-tras-la-detencion-de-nicolas-maduro\/","title":{"rendered":"\u00bfQu\u00e9 pasar\u00e1 con Venezuela tras la detenci\u00f3n de Nicol\u00e1s Maduro?"},"content":{"rendered":"\n<p><\/p>\n\n\n\n<p>La madrugada de este s\u00e1bado 3 de enero de 2026, el presidente de Estados Unidos, Donald Trump, confirm\u00f3 la captura de Nicol\u00e1s Maduro, y de la primera dama, Cilia Flores.&nbsp;<\/p>\n\n\n\n<p>El anuncio se dio tras una operaci\u00f3n militar a gran escala ejecutada por fuerzas estadounidenses y autoridades del orden en territorio venezolano.<\/p>\n\n\n\n<p>Seg\u00fan el comunicado difundido por el mandatario en su red social Truth Social, Nicol\u00e1s Maduro y Cilia Flores fueron sacados de Venezuela tras el \u00e9xito del despliegue armado.<\/p>\n\n\n\n<p><strong>\u00bfQu\u00e9 pasar\u00e1 con Venezuela tras la detenci\u00f3n de Nicol\u00e1s Maduro?<br>Proceso judicial y traslado a Nueva York<br><\/strong>Aunque los detalles espec\u00edficos sobre qu\u00e9 pasar\u00e1 tras la detenci\u00f3n de Nicolas Maduro no han sido esclarecidos por completo, se anticipa que mandatario sea trasladado a Brooklyn, Nueva York.\u00a0<\/p>\n\n\n\n<p>Esta medida responde a una acusaci\u00f3n vigente por parte de la justicia estadounidense, que califica al l\u00edder venezolano como narcoterrorista dentro de la jurisdicci\u00f3n de la Corte para el Distrito Este de Nueva York.&nbsp;<\/p>\n\n\n\n<p>Donald Trump ha convocado a una conferencia de prensa este mismo d\u00eda en su complejo de Mar-a-Lago, Florida, para ofrecer pormenores sobre la captura y el futuro procesal de los detenidos,.<\/p>\n\n\n\n<p>Antes de su captura, Nicol\u00e1s Maduro hab\u00eda mantenido contacto con el secretario general de la ONU, Ant\u00f3nio Guterres, para denunciar un &#8220;bloqueo total&#8221; contra buques petroleros y una escalada de amenazas por parte del gobierno estadounidense.&nbsp;<\/p>\n\n\n\n<p>Ante el inicio de las hostilidades, Maduro firm\u00f3 un decreto de Estado de Conmoci\u00f3n Exterior en todo el territorio nacional, ordenando el despliegue del Comando para la Defensa Integral de la Naci\u00f3n y haciendo un llamado a la poblaci\u00f3n para sumarse a la lucha armada contra lo que calific\u00f3 como una &#8220;agresi\u00f3n imperialista&#8221;.<\/p>\n\n\n\n<p><strong>\u00bfQui\u00e9n controlar\u00e1 ahora Venezuela?<\/strong><\/p>\n\n\n\n<p>Con el paradero de Maduro desconocido, el vicepresidente venezolano Delcy Rodr\u00edguez tomar\u00eda el poder bajo la ley venezolana. No hubo confirmaci\u00f3n de que eso hubiera ocurrido, aunque s\u00ed emiti\u00f3 un comunicado exigiendo a Estados Unidos que proporcionara &#8220;prueba de vida&#8221; para Maduro y Flores.<\/p>\n\n\n\n<p><strong>Movilizaci\u00f3n del chavismo tras el ataque a Venezuela<br><\/strong>De acuerdo con EFE, el gobernante Partido Socialista Unido de Venezuela (PSUV) llam\u00f3 a la movilizaci\u00f3n \u201cinmediata\u201d de toda su militancia tras el ataque ejecutado por Estados Unidos en la madrugada.<\/p>\n\n\n\n<blockquote class=\"wp-block-quote is-layout-flow wp-block-quote-is-layout-flow\">\n<p>\u201cAnte tan grave atentado a nuestra soberan\u00eda, el PSUV llama a la movilizaci\u00f3n inmediata de toda su militancia\u201d, se\u00f1al\u00f3 la formaci\u00f3n en un comunicado, en el que tambi\u00e9n expres\u00f3 su \u201clealtad absoluta\u201d a Maduro y asegur\u00f3 que cerrar\u00eda filas \u201choy m\u00e1s que nunca\u201d con \u00e9l.<\/p>\n<\/blockquote>\n\n\n\n<p>El partido exigi\u00f3 adem\u00e1s al presidente estadounidense que devolviera de \u201cmanera inmediata\u201d a Maduro, luego de que Washington confirmara su captura junto a Flores.<\/p>\n\n\n\n<p>Fuente: <a href=\"https:\/\/www.milenio.com\/internacional\/que-pasara-en-venezuela-tras-la-detencion-de-nicolas-maduro-por-eu\">Milenio<\/a><\/p>\n","protected":false},"excerpt":{"rendered":"<p>La madrugada de este s\u00e1bado 3 de enero de 2026, el presidente de Estados Unidos, Donald Trump, confirm\u00f3 la captura de Nicol\u00e1s Maduro, y de la primera dama, Cilia Flores.&nbsp; El anuncio se dio tras una operaci\u00f3n militar a gran escala ejecutada por fuerzas estadounidenses y autoridades del orden en territorio venezolano. Seg\u00fan el comunicado [&hellip;]<\/p>\n","protected":false},"author":6,"featured_media":205263,"comment_status":"open","ping_status":"open","sticky":false,"template":"","format":"standard","meta":{"_monsterinsights_skip_tracking":false,"_monsterinsights_sitenote_active":false,"_monsterinsights_sitenote_note":"","_monsterinsights_sitenote_category":0,"footnotes":""},"categories":[181],"tags":[1505,1540],"class_list":["post-205262","post","type-post","status-publish","format-standard","has-post-thumbnail","hentry","category-internacional","tag-nicolas-maduro","tag-venezuela","wp-image-borders"],"amp_enabled":true,"_links":{"self":[{"href":"https:\/\/nvnoticias.mx\/index.php\/wp-json\/wp\/v2\/posts\/205262","targetHints":{"allow":["GET"]}}],"collection":[{"href":"https:\/\/nvnoticias.mx\/index.php\/wp-json\/wp\/v2\/posts"}],"about":[{"href":"https:\/\/nvnoticias.mx\/index.php\/wp-json\/wp\/v2\/types\/post"}],"author":[{"embeddable":true,"href":"https:\/\/nvnoticias.mx\/index.php\/wp-json\/wp\/v2\/users\/6"}],"replies":[{"embeddable":true,"href":"https:\/\/nvnoticias.mx\/index.php\/wp-json\/wp\/v2\/comments?post=205262"}],"version-history":[{"count":1,"href":"https:\/\/nvnoticias.mx\/index.php\/wp-json\/wp\/v2\/posts\/205262\/revisions"}],"predecessor-version":[{"id":205264,"href":"https:\/\/nvnoticias.mx\/index.php\/wp-json\/wp\/v2\/posts\/205262\/revisions\/205264"}],"wp:featuredmedia":[{"embeddable":true,"href":"https:\/\/nvnoticias.mx\/index.php\/wp-json\/wp\/v2\/media\/205263"}],"wp:attachment":[{"href":"https:\/\/nvnoticias.mx\/index.php\/wp-json\/wp\/v2\/media?parent=205262"}],"wp:term":[{"taxonomy":"category","embeddable":true,"href":"https:\/\/nvnoticias.mx\/index.php\/wp-json\/wp\/v2\/categories?post=205262"},{"taxonomy":"post_tag","embeddable":true,"href":"https:\/\/nvnoticias.mx\/index.php\/wp-json\/wp\/v2\/tags?post=205262"}],"curies":[{"name":"wp","href":"https:\/\/api.w.org\/{rel}","templated":true}]}}