{"id":205224,"date":"2026-01-02T12:41:19","date_gmt":"2026-01-02T18:41:19","guid":{"rendered":"https:\/\/nvnoticias.mx\/?p=205224"},"modified":"2026-01-02T12:41:23","modified_gmt":"2026-01-02T18:41:23","slug":"predial-en-coatepec-arranca-el-5-de-enero-con-descuentos-de-hasta-50","status":"publish","type":"post","link":"https:\/\/nvnoticias.mx\/index.php\/2026\/01\/02\/predial-en-coatepec-arranca-el-5-de-enero-con-descuentos-de-hasta-50\/","title":{"rendered":"Predial en Coatepec arranca el 5 de enero con descuentos de hasta 50%"},"content":{"rendered":"\n<p><\/p>\n\n\n\n<p><span style=\"background-color: rgba(0, 0, 0, 0.2);\"><b>Sam<\/b><\/span><strong> Ojeda \/ NV Noticias<\/strong><\/p>\n\n\n\n<p>Xalapa.- El Ayuntamiento de Coatepec, encabezado por el alcalde Nacho Luna, inform\u00f3 que el cobro del impuesto predial iniciar\u00e1 el pr\u00f3ximo lunes 5 de enero, una vez concluido el proceso de entrega-recepci\u00f3n de la administraci\u00f3n municipal y la actualizaci\u00f3n del sistema de recaudaci\u00f3n.<\/p>\n\n\n\n<p>La autoridad municipal explic\u00f3 que la actualizaci\u00f3n tiene como finalidad mejorar la atenci\u00f3n a la ciudadan\u00eda y aplicar los descuentos correspondientes para el ejercicio fiscal 2026.<\/p>\n\n\n\n<p>Durante la primera semana de enero, la Tesorer\u00eda Municipal \u00fanicamente recibir\u00e1 pagos en efectivo.<\/p>\n\n\n\n<p>El horario de atenci\u00f3n ser\u00e1 de lunes a jueves de 8:00 a 15:00 horas, y los viernes de 8:00 a 14:00 horas.<\/p>\n\n\n\n<p>En cuanto a los est\u00edmulos fiscales, se estableci\u00f3 un descuento del 20 por ciento para el p\u00fablico en general en el pago anual del predial 2026.<\/p>\n\n\n\n<p>Para pensionados, jubilados y personas mayores de 60 a\u00f1os que presenten credencial del INAPAM, el descuento ser\u00e1 del 50 por ciento.<\/p>\n\n\n\n<p>Para realizar el pago, los contribuyentes deber\u00e1n acreditar la propiedad del predio, presentar una identificaci\u00f3n oficial que coincida con el domicilio registrado y entregar el \u00faltimo recibo de pago del impuesto predial.<br><\/p>\n\n\n\n<p><\/p>\n","protected":false},"excerpt":{"rendered":"<p>Sam Ojeda \/ NV Noticias Xalapa.- El Ayuntamiento de Coatepec, encabezado por el alcalde Nacho Luna, inform\u00f3 que el cobro del impuesto predial iniciar\u00e1 el pr\u00f3ximo lunes 5 de enero, una vez concluido el proceso de entrega-recepci\u00f3n de la administraci\u00f3n municipal y la actualizaci\u00f3n del sistema de recaudaci\u00f3n. La autoridad municipal explic\u00f3 que la actualizaci\u00f3n [&hellip;]<\/p>\n","protected":false},"author":8,"featured_media":205225,"comment_status":"open","ping_status":"open","sticky":false,"template":"","format":"standard","meta":{"_monsterinsights_skip_tracking":false,"_monsterinsights_sitenote_active":false,"_monsterinsights_sitenote_note":"","_monsterinsights_sitenote_category":0,"footnotes":""},"categories":[156],"tags":[2012,1268],"class_list":["post-205224","post","type-post","status-publish","format-standard","has-post-thumbnail","hentry","category-estado","tag-coatepec","tag-predial","wp-image-borders"],"amp_enabled":true,"_links":{"self":[{"href":"https:\/\/nvnoticias.mx\/index.php\/wp-json\/wp\/v2\/posts\/205224","targetHints":{"allow":["GET"]}}],"collection":[{"href":"https:\/\/nvnoticias.mx\/index.php\/wp-json\/wp\/v2\/posts"}],"about":[{"href":"https:\/\/nvnoticias.mx\/index.php\/wp-json\/wp\/v2\/types\/post"}],"author":[{"embeddable":true,"href":"https:\/\/nvnoticias.mx\/index.php\/wp-json\/wp\/v2\/users\/8"}],"replies":[{"embeddable":true,"href":"https:\/\/nvnoticias.mx\/index.php\/wp-json\/wp\/v2\/comments?post=205224"}],"version-history":[{"count":1,"href":"https:\/\/nvnoticias.mx\/index.php\/wp-json\/wp\/v2\/posts\/205224\/revisions"}],"predecessor-version":[{"id":205226,"href":"https:\/\/nvnoticias.mx\/index.php\/wp-json\/wp\/v2\/posts\/205224\/revisions\/205226"}],"wp:featuredmedia":[{"embeddable":true,"href":"https:\/\/nvnoticias.mx\/index.php\/wp-json\/wp\/v2\/media\/205225"}],"wp:attachment":[{"href":"https:\/\/nvnoticias.mx\/index.php\/wp-json\/wp\/v2\/media?parent=205224"}],"wp:term":[{"taxonomy":"category","embeddable":true,"href":"https:\/\/nvnoticias.mx\/index.php\/wp-json\/wp\/v2\/categories?post=205224"},{"taxonomy":"post_tag","embeddable":true,"href":"https:\/\/nvnoticias.mx\/index.php\/wp-json\/wp\/v2\/tags?post=205224"}],"curies":[{"name":"wp","href":"https:\/\/api.w.org\/{rel}","templated":true}]}}