{"id":205213,"date":"2026-01-02T12:01:58","date_gmt":"2026-01-02T18:01:58","guid":{"rendered":"https:\/\/nvnoticias.mx\/?p=205213"},"modified":"2026-01-02T12:02:02","modified_gmt":"2026-01-02T18:02:02","slug":"incendio-en-bar-en-suiza-deja-40-muertos-y-100-heridos-en-ano-nuevo","status":"publish","type":"post","link":"https:\/\/nvnoticias.mx\/index.php\/2026\/01\/02\/incendio-en-bar-en-suiza-deja-40-muertos-y-100-heridos-en-ano-nuevo\/","title":{"rendered":"Incendio en bar en Suiza deja 40 muertos y 100 heridos en A\u00f1o Nuevo"},"content":{"rendered":"\n<p>Alrededor de 40 personas murieron y m\u00e1s de un centenar resultaron heridas durante un incendio en un bar de la lujosa estaci\u00f3n de esqu\u00ed suiza de Crans Montana en las celebraciones de A\u00f1o Nuevo, inform\u00f3 ayer la polic\u00eda.<\/p>\n\n\n\n<p>El presidente suizo, Guy Parmelin, quien asumi\u00f3 ayer el cargo, calific\u00f3 el siniestro como \u201cuna de las peores tragedias\u201d en la historia del pa\u00eds, y detall\u00f3 que la mayor\u00eda de quienes perecieron eran j\u00f3venes.<\/p>\n\n\n\n<p>\u201cRegistramos una cuarentena de fallecidos y cerca de 115 heridos, la mayor\u00eda graves\u201d, declar\u00f3 el jefe de la polic\u00eda del cant\u00f3n de Valais, Fr\u00e9d\u00e9ric Gisler, en una rueda de prensa junto al presidente en Sion, en el suroeste de Suiza, en la que ofrecieron los pormenores de una noche que se volvi\u00f3 dantesca.<\/p>\n\n\n\n<p>Polic\u00edas, bomberos y socorristas acudieron al popular resort tur\u00edstico, uno de los destinos de esqu\u00ed mejor valorados de Europa en una zona monta\u00f1osa de dif\u00edcil acceso para los rescatistas a 3 mil metros de altura, que empez\u00f3 el a\u00f1o con un \u201color de quemado en el aire\u201d, relataron los medios locales.<\/p>\n\n\n\n<p>El fuego se desat\u00f3 alrededor de la 1:30 horas en el bar Le Constellation, con una capacidad 340 personas, report\u00f3 el sitio web de Crans Montana.<\/p>\n\n\n\n<p>La causa del incendio, que en un principio se inform\u00f3 que hab\u00eda sido una explosi\u00f3n, segu\u00eda sin estar clara al cierre de esta edici\u00f3n, pero las autoridades afirmaron que aparentemente se trat\u00f3 de un accidente y no de un ataque.<\/p>\n\n\n\n<p>La fiscal general del cant\u00f3n, B\u00e9atrice Pilloud, indic\u00f3 que se movilizaban importantes recursos \u201cpara identificar a las v\u00edctimas y devolver sus cuerpos a las familias lo antes posible\u201d. Este trabajo puede llevar varios d\u00edas, advirti\u00f3 Gisler.<\/p>\n\n\n\n<p>\u201cEsta noche deber\u00eda haber sido un momento de celebraci\u00f3n y uni\u00f3n, pero se convirti\u00f3 en una pesadilla\u201d, lament\u00f3 Mathias Reynard, jefe del gobierno regional de Valais.<\/p>\n\n\n\n<p>Los expertos utilizar\u00e1n registros dentales y de ADN para intentar identificar a las v\u00edctimas de la tragedia. La cifra de heridos era tan alta que la unidad de cuidados intensivos y el quir\u00f3fano del hospital local alcanzaron r\u00e1pidamente su capacidad m\u00e1xima, a\u00f1adi\u00f3 Reynard.<\/p>\n\n\n\n<p>La presidenta de la Comisi\u00f3n Europea, Ursula von der Leyen, se mostr\u00f3 \u201cprofundamente entristecida\u201d tras el fatal accidente e indic\u00f3 en su cuenta de X que sus equipos estaban en contacto con las autoridades suizas para prestarles asistencia.<\/p>\n\n\n\n<p>Unas 400 personas se reunieron en Crans Montana para celebrar una misa en honor a los fallecidos.<\/p>\n\n\n\n<p>Dos j\u00f3venes francesas, Emma y Albane, declararon a la cadena BFMTV que lograron huir del p\u00e1nico que se vivi\u00f3 en el bar poco despu\u00e9s de que se desat\u00f3 el voraz incendio.<\/p>\n\n\n\n<p>Se\u00f1alaron que unas \u201cvelitas de cumplea\u00f1os\u201d (luces de bengala usualmente colocadas en botellas de champ\u00e1n) rozaron el techo del establecimiento convirti\u00e9ndolo en un infierno.<\/p>\n\n\n\n<p>\u201cSegundos despu\u00e9s, todo el techo estaba ardiendo\u201d, apunt\u00f3 al canal franc\u00e9s una de ellas, que calcul\u00f3 que en el local deb\u00eda haber unas 200 personas al momento del incidente, la mayor\u00eda de entre 15 y 20 a\u00f1os.<\/p>\n\n\n\n<p>\u201cHab\u00eda gente gritando, y luego gente tirada en el suelo, probablemente muerta\u201d, dijo Samuel Rapp, un vecino de 21 a\u00f1os que vio las secuelas del incendio.<\/p>\n\n\n\n<p>Axel Clavier, un parisino de 16 a\u00f1os que sobrevivi\u00f3 tras escapar por una ventana, describi\u00f3 el caos total dentro del bar. Uno de sus amigos muri\u00f3 y dos o tres estaban desaparecidos, declar\u00f3 a la Ap.<\/p>\n\n\n\n<p>El adolescente indic\u00f3 que no vio cuando inici\u00f3 el incendio, pero s\u00ed vio llegar a las camareras con botellas de champ\u00e1n y bengalas.<\/p>\n\n\n\n<p>Fuente: La <a href=\"https:\/\/www.jornada.com.mx\/noticia\/2026\/01\/02\/mundo\/incendio-en-bar-en-suiza-deja-40-muertos-y-100-heridos-en-ano-nuevo\">Jornada<\/a> <\/p>\n","protected":false},"excerpt":{"rendered":"<p>Alrededor de 40 personas murieron y m\u00e1s de un centenar resultaron heridas durante un incendio en un bar de la lujosa estaci\u00f3n de esqu\u00ed suiza de Crans Montana en las celebraciones de A\u00f1o Nuevo, inform\u00f3 ayer la polic\u00eda. El presidente suizo, Guy Parmelin, quien asumi\u00f3 ayer el cargo, calific\u00f3 el siniestro como \u201cuna de las [&hellip;]<\/p>\n","protected":false},"author":35,"featured_media":205214,"comment_status":"open","ping_status":"open","sticky":false,"template":"","format":"standard","meta":{"_monsterinsights_skip_tracking":false,"_monsterinsights_sitenote_active":false,"_monsterinsights_sitenote_note":"","_monsterinsights_sitenote_category":0,"footnotes":""},"categories":[181],"tags":[310,1008],"class_list":["post-205213","post","type-post","status-publish","format-standard","has-post-thumbnail","hentry","category-internacional","tag-incendio","tag-suiza","wp-image-borders"],"amp_enabled":true,"_links":{"self":[{"href":"https:\/\/nvnoticias.mx\/index.php\/wp-json\/wp\/v2\/posts\/205213","targetHints":{"allow":["GET"]}}],"collection":[{"href":"https:\/\/nvnoticias.mx\/index.php\/wp-json\/wp\/v2\/posts"}],"about":[{"href":"https:\/\/nvnoticias.mx\/index.php\/wp-json\/wp\/v2\/types\/post"}],"author":[{"embeddable":true,"href":"https:\/\/nvnoticias.mx\/index.php\/wp-json\/wp\/v2\/users\/35"}],"replies":[{"embeddable":true,"href":"https:\/\/nvnoticias.mx\/index.php\/wp-json\/wp\/v2\/comments?post=205213"}],"version-history":[{"count":3,"href":"https:\/\/nvnoticias.mx\/index.php\/wp-json\/wp\/v2\/posts\/205213\/revisions"}],"predecessor-version":[{"id":205218,"href":"https:\/\/nvnoticias.mx\/index.php\/wp-json\/wp\/v2\/posts\/205213\/revisions\/205218"}],"wp:featuredmedia":[{"embeddable":true,"href":"https:\/\/nvnoticias.mx\/index.php\/wp-json\/wp\/v2\/media\/205214"}],"wp:attachment":[{"href":"https:\/\/nvnoticias.mx\/index.php\/wp-json\/wp\/v2\/media?parent=205213"}],"wp:term":[{"taxonomy":"category","embeddable":true,"href":"https:\/\/nvnoticias.mx\/index.php\/wp-json\/wp\/v2\/categories?post=205213"},{"taxonomy":"post_tag","embeddable":true,"href":"https:\/\/nvnoticias.mx\/index.php\/wp-json\/wp\/v2\/tags?post=205213"}],"curies":[{"name":"wp","href":"https:\/\/api.w.org\/{rel}","templated":true}]}}