{"id":205193,"date":"2026-01-02T10:41:38","date_gmt":"2026-01-02T16:41:38","guid":{"rendered":"https:\/\/nvnoticias.mx\/?p=205193"},"modified":"2026-01-02T10:41:44","modified_gmt":"2026-01-02T16:41:44","slug":"aun-hospitalizadas-17-personas-por-descarrilamiento-de-tren-interoceanico-sheinbaum","status":"publish","type":"post","link":"https:\/\/nvnoticias.mx\/index.php\/2026\/01\/02\/aun-hospitalizadas-17-personas-por-descarrilamiento-de-tren-interoceanico-sheinbaum\/","title":{"rendered":"A\u00fan hospitalizadas 17 personas por descarrilamiento de tren Interoce\u00e1nico: Sheinbaum"},"content":{"rendered":"\n<p>En su primera conferencia matutina de 2026, realizada este viernes en Palacio Nacional, la presidenta Claudia Sheinbaum Pardo inform\u00f3 que 17 personas contin\u00faan hospitalizadas tras el descarrilamiento del Tren Interoce\u00e1nico y expres\u00f3 sus condolencias por el fallecimiento reciente de una de las v\u00edctimas.<\/p>\n\n\n\n<p>A\u00f1adi\u00f3 que el gobierno trabaja en tres l\u00edneas: la atenci\u00f3n a v\u00edctimas y familiares, una investigaci\u00f3n \u201cprofunda, seria, rigurosa\u201d para determinar la causa del accidente y la revisi\u00f3n de protocolos de seguridad para garantizar la operaci\u00f3n segura del Tren Interoce\u00e1nico y otros sistemas ferroviarios del pa\u00eds.<\/p>\n\n\n\n<p>Al referirse a su visita que realiz\u00f3 a hospitales el lunes, donde se reuni\u00f3 con lesionados, y a la difusi\u00f3n de una fotograf\u00eda tomada durante ese recorrido, la mandataria lament\u00f3 el uso que se dio a la imagen y explic\u00f3 el contexto en el que fue captada. Se\u00f1al\u00f3 que no public\u00f3 fotograf\u00edas con las personas lesionadas en sus redes sociales y subray\u00f3 que la imagen fue tomada a petici\u00f3n de un paciente.<\/p>\n\n\n\n<p>\u201cNuestro p\u00e9same y a la familia de la persona que el d\u00eda de ayer falleci\u00f3, Do\u00f1a Hilda, fue trasladada a un hospital en Oaxaca y, de todas maneras, no pudo, pues, salvarse por las heridas que ten\u00eda. Y quedan 17 personas en los hospitales todav\u00eda\u201d, agreg\u00f3.<\/p>\n\n\n\n<p>Sheinbaum relat\u00f3 que varias de las personas lesionadas ya fueron trasladadas a la Ciudad de M\u00e9xico u otros centros m\u00e9dicos para recibir atenci\u00f3n especializada. Sobre la fotograf\u00eda, explic\u00f3 que se trat\u00f3 de \u201cun se\u00f1or, ferrocarrilero \u00e9l, por cierto\u201d, quien le pidi\u00f3 tomarse una imagen desde la cama debido a problemas en el cuello. \u201cFue a petici\u00f3n de \u00e9l que quer\u00eda tomarse una fotograf\u00eda conmigo y por eso la tom\u00e9\u201d, afirm\u00f3, al calificar como lamentable el uso pol\u00edtico de la imagen.<\/p>\n\n\n\n<p>Al ser cuestionada sobre su impresi\u00f3n tras visitar a las v\u00edctimas y sus familias, la presidenta sostuvo que \u201cel sufrimiento humano le afecta a todos\u201d y que acercarse a quienes enfrentan esta situaci\u00f3n es una forma de acompa\u00f1amiento. \u201cLes vamos a apoyar en todo lo que necesiten\u201d, asegur\u00f3.<\/p>\n\n\n\n<p>Detall\u00f3 que en los hospitales se establecieron centros de mando para coordinar la atenci\u00f3n m\u00e9dica, con la participaci\u00f3n de autoridades del sector salud. \u201cLo que hicimos fue lo que hay que hacer, que es la mejor atenci\u00f3n que se pueda tener en los hospitales\u201d, se\u00f1al\u00f3.<\/p>\n\n\n\n<p>Respecto a la investigaci\u00f3n del accidente y a la informaci\u00f3n de la caja negra, Sheinbaum indic\u00f3 que corresponde a la Fiscal\u00eda informar sobre los avances.<\/p>\n\n\n\n<p>Fuente: La <a href=\"https:\/\/www.jornada.com.mx\/noticia\/2026\/01\/02\/politica\/expresa-sheinbaum-sus-condolencias-por-muerte-de-una-persona-tras-accidente-del-tren-interoceanico-17-siguen-hospitalizadas\">Jornada<\/a> <\/p>\n","protected":false},"excerpt":{"rendered":"<p>En su primera conferencia matutina de 2026, realizada este viernes en Palacio Nacional, la presidenta Claudia Sheinbaum Pardo inform\u00f3 que 17 personas contin\u00faan hospitalizadas tras el descarrilamiento del Tren Interoce\u00e1nico y expres\u00f3 sus condolencias por el fallecimiento reciente de una de las v\u00edctimas. A\u00f1adi\u00f3 que el gobierno trabaja en tres l\u00edneas: la atenci\u00f3n a v\u00edctimas [&hellip;]<\/p>\n","protected":false},"author":35,"featured_media":205196,"comment_status":"open","ping_status":"open","sticky":false,"template":"","format":"standard","meta":{"_monsterinsights_skip_tracking":false,"_monsterinsights_sitenote_active":false,"_monsterinsights_sitenote_note":"","_monsterinsights_sitenote_category":0,"footnotes":""},"categories":[157],"tags":[2801],"class_list":["post-205193","post","type-post","status-publish","format-standard","has-post-thumbnail","hentry","category-nacional","tag-claudia-sheinbaum","wp-image-borders"],"amp_enabled":true,"_links":{"self":[{"href":"https:\/\/nvnoticias.mx\/index.php\/wp-json\/wp\/v2\/posts\/205193","targetHints":{"allow":["GET"]}}],"collection":[{"href":"https:\/\/nvnoticias.mx\/index.php\/wp-json\/wp\/v2\/posts"}],"about":[{"href":"https:\/\/nvnoticias.mx\/index.php\/wp-json\/wp\/v2\/types\/post"}],"author":[{"embeddable":true,"href":"https:\/\/nvnoticias.mx\/index.php\/wp-json\/wp\/v2\/users\/35"}],"replies":[{"embeddable":true,"href":"https:\/\/nvnoticias.mx\/index.php\/wp-json\/wp\/v2\/comments?post=205193"}],"version-history":[{"count":3,"href":"https:\/\/nvnoticias.mx\/index.php\/wp-json\/wp\/v2\/posts\/205193\/revisions"}],"predecessor-version":[{"id":205197,"href":"https:\/\/nvnoticias.mx\/index.php\/wp-json\/wp\/v2\/posts\/205193\/revisions\/205197"}],"wp:featuredmedia":[{"embeddable":true,"href":"https:\/\/nvnoticias.mx\/index.php\/wp-json\/wp\/v2\/media\/205196"}],"wp:attachment":[{"href":"https:\/\/nvnoticias.mx\/index.php\/wp-json\/wp\/v2\/media?parent=205193"}],"wp:term":[{"taxonomy":"category","embeddable":true,"href":"https:\/\/nvnoticias.mx\/index.php\/wp-json\/wp\/v2\/categories?post=205193"},{"taxonomy":"post_tag","embeddable":true,"href":"https:\/\/nvnoticias.mx\/index.php\/wp-json\/wp\/v2\/tags?post=205193"}],"curies":[{"name":"wp","href":"https:\/\/api.w.org\/{rel}","templated":true}]}}