{"id":205115,"date":"2025-12-31T10:26:43","date_gmt":"2025-12-31T16:26:43","guid":{"rendered":"https:\/\/nvnoticias.mx\/?p=205115"},"modified":"2025-12-31T10:26:47","modified_gmt":"2025-12-31T16:26:47","slug":"congreso-designara-concejo-provisional-en-tamiahua","status":"publish","type":"post","link":"https:\/\/nvnoticias.mx\/index.php\/2025\/12\/31\/congreso-designara-concejo-provisional-en-tamiahua\/","title":{"rendered":"Congreso designar\u00e1 Concejo provisional en Tamiahua"},"content":{"rendered":"\n<p><\/p>\n\n\n\n<p><strong>Sam Ojeda \/ NV Noticias<\/strong><\/p>\n\n\n\n<p>Xalapa.- El Congreso del Estado nombrar\u00e1 un Concejo Municipal temporal en Tamiahua, luego de que la Sala Superior del Tribunal Electoral del Poder Judicial de la Federaci\u00f3n anul\u00f3 la elecci\u00f3n de ayuntamiento y orden\u00f3 la realizaci\u00f3n de comicios extraordinarios.<\/p>\n\n\n\n<p>La presidenta de la Mesa Directiva, Naomi Edith G\u00f3mez Santos, inform\u00f3 que el Concejo asumir\u00e1 de manera provisional las funciones del cabildo mientras se desarrolla el nuevo proceso electoral y se definen las autoridades electas, con el objetivo de garantizar la continuidad de los servicios municipales.<\/p>\n\n\n\n<p>Confirm\u00f3 que, tras la resoluci\u00f3n del tribunal, la excandidata Citlali Medell\u00edn Careaga no podr\u00e1 participar en la elecci\u00f3n extraordinaria. En tanto, el Congreso deber\u00e1 cumplir la determinaci\u00f3n judicial y concretar la integraci\u00f3n inmediata del \u00f3rgano provisional.<\/p>\n\n\n\n<p>La legisladora explic\u00f3 que el Congreso puede sesionar de forma virtual para atender el caso y se\u00f1al\u00f3 que la Comisi\u00f3n Permanente fue convocada para formalizar la sesi\u00f3n extraordinaria en la que se designe al Concejo, el cual tendr\u00e1 facultades plenas y estar\u00e1 integrado por personas originarias del municipio.<\/p>\n\n\n\n<p>Respecto al proceso electoral extraordinario, indic\u00f3 que el Congreso deber\u00e1 coordinarse con el Organismo P\u00fablico Local Electoral de Veracruz para definir plazos y los recursos necesarios para su organizaci\u00f3n.<br><\/p>\n\n\n\n<p><\/p>\n","protected":false},"excerpt":{"rendered":"<p>Sam Ojeda \/ NV Noticias Xalapa.- El Congreso del Estado nombrar\u00e1 un Concejo Municipal temporal en Tamiahua, luego de que la Sala Superior del Tribunal Electoral del Poder Judicial de la Federaci\u00f3n anul\u00f3 la elecci\u00f3n de ayuntamiento y orden\u00f3 la realizaci\u00f3n de comicios extraordinarios. La presidenta de la Mesa Directiva, Naomi Edith G\u00f3mez Santos, inform\u00f3 [&hellip;]<\/p>\n","protected":false},"author":8,"featured_media":205116,"comment_status":"open","ping_status":"open","sticky":false,"template":"","format":"standard","meta":{"_monsterinsights_skip_tracking":false,"_monsterinsights_sitenote_active":false,"_monsterinsights_sitenote_note":"","_monsterinsights_sitenote_category":0,"footnotes":""},"categories":[156],"tags":[32860,1011],"class_list":["post-205115","post","type-post","status-publish","format-standard","has-post-thumbnail","hentry","category-estado","tag-concejo-provisional","tag-tamiahua","wp-image-borders"],"amp_enabled":true,"_links":{"self":[{"href":"https:\/\/nvnoticias.mx\/index.php\/wp-json\/wp\/v2\/posts\/205115","targetHints":{"allow":["GET"]}}],"collection":[{"href":"https:\/\/nvnoticias.mx\/index.php\/wp-json\/wp\/v2\/posts"}],"about":[{"href":"https:\/\/nvnoticias.mx\/index.php\/wp-json\/wp\/v2\/types\/post"}],"author":[{"embeddable":true,"href":"https:\/\/nvnoticias.mx\/index.php\/wp-json\/wp\/v2\/users\/8"}],"replies":[{"embeddable":true,"href":"https:\/\/nvnoticias.mx\/index.php\/wp-json\/wp\/v2\/comments?post=205115"}],"version-history":[{"count":1,"href":"https:\/\/nvnoticias.mx\/index.php\/wp-json\/wp\/v2\/posts\/205115\/revisions"}],"predecessor-version":[{"id":205117,"href":"https:\/\/nvnoticias.mx\/index.php\/wp-json\/wp\/v2\/posts\/205115\/revisions\/205117"}],"wp:featuredmedia":[{"embeddable":true,"href":"https:\/\/nvnoticias.mx\/index.php\/wp-json\/wp\/v2\/media\/205116"}],"wp:attachment":[{"href":"https:\/\/nvnoticias.mx\/index.php\/wp-json\/wp\/v2\/media?parent=205115"}],"wp:term":[{"taxonomy":"category","embeddable":true,"href":"https:\/\/nvnoticias.mx\/index.php\/wp-json\/wp\/v2\/categories?post=205115"},{"taxonomy":"post_tag","embeddable":true,"href":"https:\/\/nvnoticias.mx\/index.php\/wp-json\/wp\/v2\/tags?post=205115"}],"curies":[{"name":"wp","href":"https:\/\/api.w.org\/{rel}","templated":true}]}}