{"id":205074,"date":"2025-12-30T14:40:24","date_gmt":"2025-12-30T20:40:24","guid":{"rendered":"https:\/\/nvnoticias.mx\/?p=205074"},"modified":"2025-12-30T14:40:28","modified_gmt":"2025-12-30T20:40:28","slug":"segunda-nevada-cubre-el-cofre-de-perote","status":"publish","type":"post","link":"https:\/\/nvnoticias.mx\/index.php\/2025\/12\/30\/segunda-nevada-cubre-el-cofre-de-perote\/","title":{"rendered":"Segunda nevada cubre el Cofre de Perote"},"content":{"rendered":"\n<p><\/p>\n\n\n\n<p><strong>Sam Ojeda \/ NV Noticias<\/strong><\/p>\n\n\n\n<p>Xalapa.- La cima del Cofre de Perote registr\u00f3 la segunda nevada de la temporada la noche del lunes, inform\u00f3 la jefa de Hidrometeorolog\u00eda del Organismo de Cuenca Golfo-Centro de la Comisi\u00f3n Nacional del Agua (Conagua), Jessica Luna Lagunes.<\/p>\n\n\n\n<p>La especialista explic\u00f3 que, debido a la alta humedad y a las bajas temperaturas, este martes predomina la cencellada, un fen\u00f3meno que consiste en la formaci\u00f3n de hielo adherido a diversas superficies.<\/p>\n\n\n\n<p>Ante estas condiciones, advirti\u00f3 que el terreno se encuentra extremadamente resbaloso, por lo que no se recomienda el ascenso a la pe\u00f1a.<\/p>\n\n\n\n<p>Luna Lagunes exhort\u00f3 a la poblaci\u00f3n a extremar precauciones en caso de acudir a la monta\u00f1a y pidi\u00f3 evitar la visita de ni\u00f1as, ni\u00f1os y personas adultas mayores.<\/p>\n\n\n\n<p>Asimismo, record\u00f3 la importancia de no dejar basura y asumir la responsabilidad de cuidar este espacio natural.<\/p>\n\n\n\n<p>Cabe se\u00f1alar que la primera nevada de la temporada se registr\u00f3 la noche del 25 y la madrugada del viernes 26, como consecuencia del marcado descenso de temperaturas en la regi\u00f3n monta\u00f1osa central de Veracruz, provocado por la combinaci\u00f3n de aire fr\u00edo y altos niveles de humedad en la atm\u00f3sfera.<\/p>\n\n\n\n<p><\/p>\n","protected":false},"excerpt":{"rendered":"<p>Sam Ojeda \/ NV Noticias Xalapa.- La cima del Cofre de Perote registr\u00f3 la segunda nevada de la temporada la noche del lunes, inform\u00f3 la jefa de Hidrometeorolog\u00eda del Organismo de Cuenca Golfo-Centro de la Comisi\u00f3n Nacional del Agua (Conagua), Jessica Luna Lagunes. La especialista explic\u00f3 que, debido a la alta humedad y a las [&hellip;]<\/p>\n","protected":false},"author":8,"featured_media":205075,"comment_status":"open","ping_status":"open","sticky":false,"template":"","format":"standard","meta":{"_monsterinsights_skip_tracking":false,"_monsterinsights_sitenote_active":false,"_monsterinsights_sitenote_note":"","_monsterinsights_sitenote_category":0,"footnotes":""},"categories":[156],"tags":[6597,337],"class_list":["post-205074","post","type-post","status-publish","format-standard","has-post-thumbnail","hentry","category-estado","tag-cofre-de-perote","tag-nevada","wp-image-borders"],"amp_enabled":true,"_links":{"self":[{"href":"https:\/\/nvnoticias.mx\/index.php\/wp-json\/wp\/v2\/posts\/205074","targetHints":{"allow":["GET"]}}],"collection":[{"href":"https:\/\/nvnoticias.mx\/index.php\/wp-json\/wp\/v2\/posts"}],"about":[{"href":"https:\/\/nvnoticias.mx\/index.php\/wp-json\/wp\/v2\/types\/post"}],"author":[{"embeddable":true,"href":"https:\/\/nvnoticias.mx\/index.php\/wp-json\/wp\/v2\/users\/8"}],"replies":[{"embeddable":true,"href":"https:\/\/nvnoticias.mx\/index.php\/wp-json\/wp\/v2\/comments?post=205074"}],"version-history":[{"count":1,"href":"https:\/\/nvnoticias.mx\/index.php\/wp-json\/wp\/v2\/posts\/205074\/revisions"}],"predecessor-version":[{"id":205076,"href":"https:\/\/nvnoticias.mx\/index.php\/wp-json\/wp\/v2\/posts\/205074\/revisions\/205076"}],"wp:featuredmedia":[{"embeddable":true,"href":"https:\/\/nvnoticias.mx\/index.php\/wp-json\/wp\/v2\/media\/205075"}],"wp:attachment":[{"href":"https:\/\/nvnoticias.mx\/index.php\/wp-json\/wp\/v2\/media?parent=205074"}],"wp:term":[{"taxonomy":"category","embeddable":true,"href":"https:\/\/nvnoticias.mx\/index.php\/wp-json\/wp\/v2\/categories?post=205074"},{"taxonomy":"post_tag","embeddable":true,"href":"https:\/\/nvnoticias.mx\/index.php\/wp-json\/wp\/v2\/tags?post=205074"}],"curies":[{"name":"wp","href":"https:\/\/api.w.org\/{rel}","templated":true}]}}