{"id":205068,"date":"2025-12-30T14:34:26","date_gmt":"2025-12-30T20:34:26","guid":{"rendered":"https:\/\/nvnoticias.mx\/?p=205068"},"modified":"2025-12-30T14:34:30","modified_gmt":"2025-12-30T20:34:30","slug":"salud-protesta-por-falta-de-pago-del-bono-de-fin-de-ano","status":"publish","type":"post","link":"https:\/\/nvnoticias.mx\/index.php\/2025\/12\/30\/salud-protesta-por-falta-de-pago-del-bono-de-fin-de-ano\/","title":{"rendered":"Salud protesta por falta de pago del bono de fin de a\u00f1o"},"content":{"rendered":"\n<p><\/p>\n\n\n\n<p><strong>Sam Ojeda \/ NV Noticias<\/strong><\/p>\n\n\n\n<p>Xalapa.- Personal del sector salud se manifest\u00f3 en la plaza Sebasti\u00e1n Lerdo de Tejada para exigir el pago del bono de fin de a\u00f1o, al se\u00f1alar que, pese a que la gobernadora Roc\u00edo Nahle Garc\u00eda afirm\u00f3 que el recurso estaba por concluirse, no ha sido entregado a los trabajadores.<\/p>\n\n\n\n<p>Durante la protesta, los inconformes cerraron la avenida Juan de la Luz Enr\u00edquez, frente a Palacio de Gobierno, y advirtieron que podr\u00edan permanecer en el lugar, incluso durante la noche, si no reciben una respuesta oficial.&nbsp;<\/p>\n\n\n\n<p>La movilizaci\u00f3n incluy\u00f3 consignas como \u201cen efectivo, en efectivo\u201d, en referencia al compromiso de pagar el bono en dinero y no mediante vales de despensa.<\/p>\n\n\n\n<p>\u00c1ngel Rafael Hern\u00e1ndez Hern\u00e1ndez S\u00e1nchez se\u00f1al\u00f3 que el pago anunciado en efectivo no se ha realizado y que el retraso tambi\u00e9n se presenta en otras regiones del estado.<\/p>\n\n\n\n<p>\u201cSe dijo que nos iban a pagar el bono en efectivo y no nos lo han dado hasta este momento; la gobernadora dijo que ya lo hab\u00eda dado y no es cierto, no nos ha pagado a nadie\u201d.<\/p>\n\n\n\n<p>Indic\u00f3 que exist\u00eda un acuerdo para que el bono se entregara antes del 28 de diciembre, lo cual no ocurri\u00f3, y afirm\u00f3 que las tarjetas entregadas previamente no funcionan.<\/p>\n\n\n\n<p>\u201cEstamos dispuestos a quedarnos hasta que nos solucionen algo porque ni siquiera para comprar la despensa sirven las tarjetas; est\u00e1n bloqueadas\u201d.<\/p>\n\n\n\n<p>Por su parte, la trabajadora Dolores Reyes se\u00f1al\u00f3 que el problema afecta a todo el personal del hospital Nach\u00f3n.<\/p>\n\n\n\n<p>\u201cSomos mil 400 trabajadores del Nach\u00f3n y a ninguno le han pagado\u201d.<\/p>\n\n\n\n<p>A\u00f1adi\u00f3 que el retraso es inusual y que, a m\u00e1s de 15 d\u00edas, no existe una soluci\u00f3n.<\/p>\n\n\n\n<p>\u201cNunca nos hab\u00eda pasado esto; ahora es el momento que ya llevamos m\u00e1s de 15 d\u00edas y no hay soluci\u00f3n\u201d.<\/p>\n\n\n\n<p>Los manifestantes se\u00f1alaron que mantendr\u00e1n el bloqueo hasta que se libere el pago del bono en las condiciones comprometidas.<\/p>\n","protected":false},"excerpt":{"rendered":"<p>Sam Ojeda \/ NV Noticias Xalapa.- Personal del sector salud se manifest\u00f3 en la plaza Sebasti\u00e1n Lerdo de Tejada para exigir el pago del bono de fin de a\u00f1o, al se\u00f1alar que, pese a que la gobernadora Roc\u00edo Nahle Garc\u00eda afirm\u00f3 que el recurso estaba por concluirse, no ha sido entregado a los trabajadores. Durante [&hellip;]<\/p>\n","protected":false},"author":8,"featured_media":205069,"comment_status":"open","ping_status":"open","sticky":false,"template":"","format":"standard","meta":{"_monsterinsights_skip_tracking":false,"_monsterinsights_sitenote_active":false,"_monsterinsights_sitenote_note":"","_monsterinsights_sitenote_category":0,"footnotes":""},"categories":[156],"tags":[7835,32858,3492,193],"class_list":["post-205068","post","type-post","status-publish","format-standard","has-post-thumbnail","hentry","category-estado","tag-fin-de-ano","tag-pago-bono","tag-protesta","tag-salud","wp-image-borders"],"amp_enabled":true,"_links":{"self":[{"href":"https:\/\/nvnoticias.mx\/index.php\/wp-json\/wp\/v2\/posts\/205068","targetHints":{"allow":["GET"]}}],"collection":[{"href":"https:\/\/nvnoticias.mx\/index.php\/wp-json\/wp\/v2\/posts"}],"about":[{"href":"https:\/\/nvnoticias.mx\/index.php\/wp-json\/wp\/v2\/types\/post"}],"author":[{"embeddable":true,"href":"https:\/\/nvnoticias.mx\/index.php\/wp-json\/wp\/v2\/users\/8"}],"replies":[{"embeddable":true,"href":"https:\/\/nvnoticias.mx\/index.php\/wp-json\/wp\/v2\/comments?post=205068"}],"version-history":[{"count":1,"href":"https:\/\/nvnoticias.mx\/index.php\/wp-json\/wp\/v2\/posts\/205068\/revisions"}],"predecessor-version":[{"id":205070,"href":"https:\/\/nvnoticias.mx\/index.php\/wp-json\/wp\/v2\/posts\/205068\/revisions\/205070"}],"wp:featuredmedia":[{"embeddable":true,"href":"https:\/\/nvnoticias.mx\/index.php\/wp-json\/wp\/v2\/media\/205069"}],"wp:attachment":[{"href":"https:\/\/nvnoticias.mx\/index.php\/wp-json\/wp\/v2\/media?parent=205068"}],"wp:term":[{"taxonomy":"category","embeddable":true,"href":"https:\/\/nvnoticias.mx\/index.php\/wp-json\/wp\/v2\/categories?post=205068"},{"taxonomy":"post_tag","embeddable":true,"href":"https:\/\/nvnoticias.mx\/index.php\/wp-json\/wp\/v2\/tags?post=205068"}],"curies":[{"name":"wp","href":"https:\/\/api.w.org\/{rel}","templated":true}]}}