{"id":205037,"date":"2025-12-30T11:59:15","date_gmt":"2025-12-30T17:59:15","guid":{"rendered":"https:\/\/nvnoticias.mx\/?p=205037"},"modified":"2025-12-30T11:59:19","modified_gmt":"2025-12-30T17:59:19","slug":"arabia-saudita-bombardea-puerto-en-yemen-por-embarque-de-armas-desde-emiratos-arabes","status":"publish","type":"post","link":"https:\/\/nvnoticias.mx\/index.php\/2025\/12\/30\/arabia-saudita-bombardea-puerto-en-yemen-por-embarque-de-armas-desde-emiratos-arabes\/","title":{"rendered":"Arabia Saudita bombardea puerto en Yemen por embarque de armas desde Emiratos \u00c1rabes"},"content":{"rendered":"\n<p>Arabia Saudita bombarde\u00f3 este martes la ciudad portuaria de Mukalla, en Yemen, tras la llegada de un embarque de armas desde Emiratos \u00c1rabes Unidos (EAU) para las fuerzas separatistas en el pa\u00eds devastado por la guerra, y advirti\u00f3 tajantemente que consideraba las acciones emirat\u00edes como \u201cextremadamente peligrosas\u201d.<\/p>\n\n\n\n<p>El bombardeo sigui\u00f3 a d\u00edas de tensiones por el avance de las fuerzas separatistas conocidas como Consejo de Transici\u00f3n del Sur, que cuenta con el respaldo de Emiratos. A pesar de la advertencia, el Consejo y sus aliados emitieron un comunicado en apoyo a la presencia de EAU, incluso cuando otros aliados de Arabia Saudita exigieron que las fuerzas emirat\u00edes se retiraran de Yemen en un plazo de 24 horas.<\/p>\n\n\n\n<p>Abu Dabi, por su parte, pidi\u00f3 \u201cmoderaci\u00f3n y sabidur\u00eda\u201d mientras disputaba las acusaciones de Riad en su contra. No mencion\u00f3 que se retirar\u00eda de Yemen como se le hab\u00eda exigido.<\/p>\n\n\n\n<p>La confrontaci\u00f3n amenaz\u00f3 con abrir un nuevo frente en la guerra que se libra desde hace una d\u00e9cada de Yemen, con las fuerzas aliadas contra los hut\u00edes (respaldados por Ir\u00e1n) volviendo posiblemente su atenci\u00f3n unas contra otras en la naci\u00f3n m\u00e1s pobre del mundo \u00e1rabe, acosada por el hambre y la enfermedad.<\/p>\n\n\n\n<p>Adem\u00e1s, tensa a\u00fan m\u00e1s los lazos entre Arabia Saudita y Emiratos, naciones vecinas en la pen\u00ednsula ar\u00e1biga que cada vez m\u00e1s han competido entre s\u00ed por asuntos econ\u00f3micos y pol\u00edticos de la regi\u00f3n, especialmente en la zona del mar Rojo.<\/p>\n\n\n\n<p>&#8220;Espero una escalada calibrada de ambas partes. Es probable que el Consejo de Transici\u00f3n del Sur, respaldado por EAU, responda consolidando el control&#8221;, apunt\u00f3 Mohammed al-Basha, experto en Yemen y fundador de Basha Report, una firma de asesor\u00eda de riesgo.<\/p>\n\n\n\n<p>&#8220;Al mismo tiempo, el flujo de armas de EAU al CTS se ver\u00e1 reducido tras el ataque al puerto, especialmente porque Arabia Saudita controla el espacio a\u00e9reo&#8221;, agreg\u00f3.<\/p>\n\n\n\n<p>Un comunicado militar difundido por la Agencia de Prensa Saud\u00ed, controlada por el Estado, anunci\u00f3 los ataques, que se lanzaron despu\u00e9s de que llegaran barcos desde Fuyaira, una ciudad portuaria en la costa oriental de Emiratos.<\/p>\n\n\n\n<p>\u201cLa tripulaci\u00f3n de los barcos desactiv\u00f3 los dispositivos de rastreo a bordo de las embarcaciones y descarg\u00f3 una gran cantidad de armas y veh\u00edculos de combate en apoyo de las fuerzas del Consejo de Transici\u00f3n del Sur\u201d, afirm\u00f3.<\/p>\n\n\n\n<p>&#8220;Dado que las armas mencionadas constituyen una amenaza inminente y una escalada que amenaza la paz y la estabilidad, las Fuerzas A\u00e9reas de la Coalici\u00f3n llevaron a cabo esta ma\u00f1ana un ataque a\u00e9reo limitado que tuvo como objetivo armas y veh\u00edculos militares descargados de los dos barcos en Mukalla&#8221;, agreg\u00f3.<\/p>\n\n\n\n<p>Fuente: La <a href=\"https:\/\/www.jornada.com.mx\/noticia\/2025\/12\/30\/mundo\/arabia-saudita-bombardea-puerto-en-yemen-por-embarque-de-armas-desde-eau\">Jornada<\/a> <\/p>\n","protected":false},"excerpt":{"rendered":"<p>Arabia Saudita bombarde\u00f3 este martes la ciudad portuaria de Mukalla, en Yemen, tras la llegada de un embarque de armas desde Emiratos \u00c1rabes Unidos (EAU) para las fuerzas separatistas en el pa\u00eds devastado por la guerra, y advirti\u00f3 tajantemente que consideraba las acciones emirat\u00edes como \u201cextremadamente peligrosas\u201d. El bombardeo sigui\u00f3 a d\u00edas de tensiones por [&hellip;]<\/p>\n","protected":false},"author":35,"featured_media":205038,"comment_status":"open","ping_status":"open","sticky":false,"template":"","format":"standard","meta":{"_monsterinsights_skip_tracking":false,"_monsterinsights_sitenote_active":false,"_monsterinsights_sitenote_note":"","_monsterinsights_sitenote_category":0,"footnotes":""},"categories":[181],"tags":[7600,6908],"class_list":["post-205037","post","type-post","status-publish","format-standard","has-post-thumbnail","hentry","category-internacional","tag-arabia-saudita","tag-yemen","wp-image-borders"],"amp_enabled":true,"_links":{"self":[{"href":"https:\/\/nvnoticias.mx\/index.php\/wp-json\/wp\/v2\/posts\/205037","targetHints":{"allow":["GET"]}}],"collection":[{"href":"https:\/\/nvnoticias.mx\/index.php\/wp-json\/wp\/v2\/posts"}],"about":[{"href":"https:\/\/nvnoticias.mx\/index.php\/wp-json\/wp\/v2\/types\/post"}],"author":[{"embeddable":true,"href":"https:\/\/nvnoticias.mx\/index.php\/wp-json\/wp\/v2\/users\/35"}],"replies":[{"embeddable":true,"href":"https:\/\/nvnoticias.mx\/index.php\/wp-json\/wp\/v2\/comments?post=205037"}],"version-history":[{"count":1,"href":"https:\/\/nvnoticias.mx\/index.php\/wp-json\/wp\/v2\/posts\/205037\/revisions"}],"predecessor-version":[{"id":205039,"href":"https:\/\/nvnoticias.mx\/index.php\/wp-json\/wp\/v2\/posts\/205037\/revisions\/205039"}],"wp:featuredmedia":[{"embeddable":true,"href":"https:\/\/nvnoticias.mx\/index.php\/wp-json\/wp\/v2\/media\/205038"}],"wp:attachment":[{"href":"https:\/\/nvnoticias.mx\/index.php\/wp-json\/wp\/v2\/media?parent=205037"}],"wp:term":[{"taxonomy":"category","embeddable":true,"href":"https:\/\/nvnoticias.mx\/index.php\/wp-json\/wp\/v2\/categories?post=205037"},{"taxonomy":"post_tag","embeddable":true,"href":"https:\/\/nvnoticias.mx\/index.php\/wp-json\/wp\/v2\/tags?post=205037"}],"curies":[{"name":"wp","href":"https:\/\/api.w.org\/{rel}","templated":true}]}}