{"id":205031,"date":"2025-12-30T11:54:02","date_gmt":"2025-12-30T17:54:02","guid":{"rendered":"https:\/\/nvnoticias.mx\/?p=205031"},"modified":"2025-12-30T11:54:07","modified_gmt":"2025-12-30T17:54:07","slug":"yemen-impone-el-estado-de-emergencia-ante-avance-de-formaciones-separatistas","status":"publish","type":"post","link":"https:\/\/nvnoticias.mx\/index.php\/2025\/12\/30\/yemen-impone-el-estado-de-emergencia-ante-avance-de-formaciones-separatistas\/","title":{"rendered":"Yemen impone el estado de emergencia ante avance de formaciones separatistas"},"content":{"rendered":"\n<p>Yemen impuso este martes el estado de emergencia ante el avance de formaciones separatistas, que complican todav\u00eda m\u00e1s una larga guerra en este pa\u00eds con varias potencias regionales implicadas, como Arabia Saudita, Ir\u00e1n y Emiratos \u00c1rabes Unidos.<\/p>\n\n\n\n<p>El pa\u00eds m\u00e1s pobre de la pen\u00ednsula ar\u00e1biga est\u00e1 inmerso en una devastadora guerra desde 2014 entre el gobierno (una amalgama de grupos que incluyen a formaciones separatistas), y los rebeldes hut\u00edes, respaldados por Ir\u00e1n.<\/p>\n\n\n\n<p>El conflicto empeor\u00f3 con la intervenci\u00f3n de una coalici\u00f3n militar liderada por Arabia Saudita en 2015, con el objetivo de apoyar a las autoridades. Una tregua se sell\u00f3 en 2022 y fue globalmente respetada.<\/p>\n\n\n\n<p>Pero a principios de diciembre se abri\u00f3 un nuevo frente cuando una fuerza separatista llamado Consejo de Transici\u00f3n del Sur (STC), respaldada por Emiratos \u00c1rabes Unidos, tom\u00f3 amplias zonas del sur del territorio.<\/p>\n\n\n\n<p>Arabia Saudita, que apoya al gobierno, acus\u00f3 a Emiratos \u00c1rabes Unidos de haber suministrado armas a los separatistas y calific\u00f3 ese apoyo de &#8220;amenaza&#8221; para su seguridad y para la regi\u00f3n.<\/p>\n\n\n\n<p>Por su parte Emiratos \u00c1rabes Unidos, que apoyan al CTS, anunciaron la retirada de sus fuerzas restantes en Yemen, despu\u00e9s de que Arabia Saudita fijar\u00e1 un plazo de 24 horas.<\/p>\n\n\n\n<p>Fuente: La <a href=\"https:\/\/www.jornada.com.mx\/noticia\/2025\/12\/30\/mundo\/yemen-impone-el-estado-de-emergencia-ante-avance-de-formaciones-separatistas\">Jornada<\/a> <\/p>\n","protected":false},"excerpt":{"rendered":"<p>Yemen impuso este martes el estado de emergencia ante el avance de formaciones separatistas, que complican todav\u00eda m\u00e1s una larga guerra en este pa\u00eds con varias potencias regionales implicadas, como Arabia Saudita, Ir\u00e1n y Emiratos \u00c1rabes Unidos. El pa\u00eds m\u00e1s pobre de la pen\u00ednsula ar\u00e1biga est\u00e1 inmerso en una devastadora guerra desde 2014 entre el [&hellip;]<\/p>\n","protected":false},"author":35,"featured_media":205032,"comment_status":"open","ping_status":"open","sticky":false,"template":"","format":"standard","meta":{"_monsterinsights_skip_tracking":false,"_monsterinsights_sitenote_active":false,"_monsterinsights_sitenote_note":"","_monsterinsights_sitenote_category":0,"footnotes":""},"categories":[181],"tags":[6908],"class_list":["post-205031","post","type-post","status-publish","format-standard","has-post-thumbnail","hentry","category-internacional","tag-yemen","wp-image-borders"],"amp_enabled":true,"_links":{"self":[{"href":"https:\/\/nvnoticias.mx\/index.php\/wp-json\/wp\/v2\/posts\/205031","targetHints":{"allow":["GET"]}}],"collection":[{"href":"https:\/\/nvnoticias.mx\/index.php\/wp-json\/wp\/v2\/posts"}],"about":[{"href":"https:\/\/nvnoticias.mx\/index.php\/wp-json\/wp\/v2\/types\/post"}],"author":[{"embeddable":true,"href":"https:\/\/nvnoticias.mx\/index.php\/wp-json\/wp\/v2\/users\/35"}],"replies":[{"embeddable":true,"href":"https:\/\/nvnoticias.mx\/index.php\/wp-json\/wp\/v2\/comments?post=205031"}],"version-history":[{"count":3,"href":"https:\/\/nvnoticias.mx\/index.php\/wp-json\/wp\/v2\/posts\/205031\/revisions"}],"predecessor-version":[{"id":205035,"href":"https:\/\/nvnoticias.mx\/index.php\/wp-json\/wp\/v2\/posts\/205031\/revisions\/205035"}],"wp:featuredmedia":[{"embeddable":true,"href":"https:\/\/nvnoticias.mx\/index.php\/wp-json\/wp\/v2\/media\/205032"}],"wp:attachment":[{"href":"https:\/\/nvnoticias.mx\/index.php\/wp-json\/wp\/v2\/media?parent=205031"}],"wp:term":[{"taxonomy":"category","embeddable":true,"href":"https:\/\/nvnoticias.mx\/index.php\/wp-json\/wp\/v2\/categories?post=205031"},{"taxonomy":"post_tag","embeddable":true,"href":"https:\/\/nvnoticias.mx\/index.php\/wp-json\/wp\/v2\/tags?post=205031"}],"curies":[{"name":"wp","href":"https:\/\/api.w.org\/{rel}","templated":true}]}}