{"id":204982,"date":"2025-12-29T19:10:00","date_gmt":"2025-12-30T01:10:00","guid":{"rendered":"https:\/\/nvnoticias.mx\/?p=204982"},"modified":"2025-12-29T21:12:51","modified_gmt":"2025-12-30T03:12:51","slug":"encabeza-alberto-islas-sesion-ordinaria-del-immx","status":"publish","type":"post","link":"https:\/\/nvnoticias.mx\/index.php\/2025\/12\/29\/encabeza-alberto-islas-sesion-ordinaria-del-immx\/","title":{"rendered":"Encabeza Alberto Islas Sesi\u00f3n Ordinaria del IMMX"},"content":{"rendered":"\n<p><\/p>\n\n\n\n<p>Xalapa, Ver.- Este lunes, el alcalde Alberto Islas Reyes encabez\u00f3 la cuadrag\u00e9sima quinta Sesi\u00f3n Ordinaria de la Junta de Gobierno del Instituto Municipal de las Mujeres de Xalapa (IMMX), la cual se llev\u00f3 a cabo en la Sala Ex Presidentes.<\/p>\n\n\n\n<p>Ante la titular de la dependencia, Mary Miyoshi Pedroza Garc\u00eda, as\u00ed como integrantes de la Junta de Gobierno, se dio seguimiento a los trabajos institucionales y al cumplimiento de los objetivos del organismo en favor de las mujeres del municipio.<\/p>\n\n\n\n<p>Durante la sesi\u00f3n se present\u00f3 el informe general de actividades del IMMX, as\u00ed como el informe de los estados financieros correspondientes al ejercicio 2025 y el informe sobre la donaci\u00f3n de lo recaudado en la Carrera 8M, edici\u00f3n 2025.<\/p>\n","protected":false},"excerpt":{"rendered":"<p>Xalapa, Ver.- Este lunes, el alcalde Alberto Islas Reyes encabez\u00f3 la cuadrag\u00e9sima quinta Sesi\u00f3n Ordinaria de la Junta de Gobierno del Instituto Municipal de las Mujeres de Xalapa (IMMX), la cual se llev\u00f3 a cabo en la Sala Ex Presidentes. Ante la titular de la dependencia, Mary Miyoshi Pedroza Garc\u00eda, as\u00ed como integrantes de la [&hellip;]<\/p>\n","protected":false},"author":8,"featured_media":204983,"comment_status":"open","ping_status":"open","sticky":false,"template":"","format":"standard","meta":{"_monsterinsights_skip_tracking":false,"_monsterinsights_sitenote_active":false,"_monsterinsights_sitenote_note":"","_monsterinsights_sitenote_category":0,"footnotes":""},"categories":[156],"tags":[31278,32853],"class_list":["post-204982","post","type-post","status-publish","format-standard","has-post-thumbnail","hentry","category-estado","tag-alberto-islas","tag-sesion-ordinaria","wp-image-borders"],"amp_enabled":true,"_links":{"self":[{"href":"https:\/\/nvnoticias.mx\/index.php\/wp-json\/wp\/v2\/posts\/204982","targetHints":{"allow":["GET"]}}],"collection":[{"href":"https:\/\/nvnoticias.mx\/index.php\/wp-json\/wp\/v2\/posts"}],"about":[{"href":"https:\/\/nvnoticias.mx\/index.php\/wp-json\/wp\/v2\/types\/post"}],"author":[{"embeddable":true,"href":"https:\/\/nvnoticias.mx\/index.php\/wp-json\/wp\/v2\/users\/8"}],"replies":[{"embeddable":true,"href":"https:\/\/nvnoticias.mx\/index.php\/wp-json\/wp\/v2\/comments?post=204982"}],"version-history":[{"count":1,"href":"https:\/\/nvnoticias.mx\/index.php\/wp-json\/wp\/v2\/posts\/204982\/revisions"}],"predecessor-version":[{"id":204984,"href":"https:\/\/nvnoticias.mx\/index.php\/wp-json\/wp\/v2\/posts\/204982\/revisions\/204984"}],"wp:featuredmedia":[{"embeddable":true,"href":"https:\/\/nvnoticias.mx\/index.php\/wp-json\/wp\/v2\/media\/204983"}],"wp:attachment":[{"href":"https:\/\/nvnoticias.mx\/index.php\/wp-json\/wp\/v2\/media?parent=204982"}],"wp:term":[{"taxonomy":"category","embeddable":true,"href":"https:\/\/nvnoticias.mx\/index.php\/wp-json\/wp\/v2\/categories?post=204982"},{"taxonomy":"post_tag","embeddable":true,"href":"https:\/\/nvnoticias.mx\/index.php\/wp-json\/wp\/v2\/tags?post=204982"}],"curies":[{"name":"wp","href":"https:\/\/api.w.org\/{rel}","templated":true}]}}