{"id":204978,"date":"2025-12-29T19:17:53","date_gmt":"2025-12-30T01:17:53","guid":{"rendered":"https:\/\/nvnoticias.mx\/?p=204978"},"modified":"2025-12-29T19:17:57","modified_gmt":"2025-12-30T01:17:57","slug":"preven-agua-nieve-en-el-cofre-y-el-pico-por-frente-frio-25","status":"publish","type":"post","link":"https:\/\/nvnoticias.mx\/index.php\/2025\/12\/29\/preven-agua-nieve-en-el-cofre-y-el-pico-por-frente-frio-25\/","title":{"rendered":"Prev\u00e9n agua nieve en el Cofre y el Pico por frente fr\u00edo 25"},"content":{"rendered":"\n<p><\/p>\n\n\n\n<p><strong>Sam Ojeda \/ NV Noticias<\/strong><\/p>\n\n\n\n<p>Xalapa.- La Secretar\u00eda de Protecci\u00f3n Civil de Veracruz alert\u00f3 por la posible ca\u00edda de nieve y aguanieve en las zonas altas del Cofre de Perote y el Pico de Orizaba, debido al avance del frente fr\u00edo n\u00famero 25.<\/p>\n\n\n\n<p>El fen\u00f3meno podr\u00eda presentarse entre la noche de este lunes y las primeras horas del martes, como resultado de la interacci\u00f3n del sistema frontal con una masa de aire fr\u00edo que ingresar\u00e1 al estado.<\/p>\n\n\n\n<p>Ante la intensidad prevista, la dependencia estatal actualiz\u00f3 la Alerta Gris a la fase de \u201cAcci\u00f3n\u201d del Sistema de Alerta Temprana de Veracruz, al anticipar efectos de mayor impacto en distintas regiones.<\/p>\n\n\n\n<p>El frente fr\u00edo ingresar\u00e1 al territorio veracruzano al mediod\u00eda por los l\u00edmites con Tamaulipas y avanzar\u00e1 durante la tarde hacia el norte y centro del estado, alcanzando la zona conurbada Veracruz\u2013Boca del R\u00edo por la noche y el sur cerca de la medianoche.<\/p>\n\n\n\n<p>Protecci\u00f3n Civil advirti\u00f3 que el sistema provocar\u00e1 un evento de norte violento, con rachas de viento de hasta 110 kil\u00f3metros por hora en la costa central y vientos fuertes en regiones del centro, como Xalapa y el Valle de Perote.<\/p>\n\n\n\n<p>Adem\u00e1s, se prev\u00e9 un temporal lluvioso en gran parte del estado, con riesgo de inundaciones y deslaves en diversas cuencas, mientras que para el martes las lluvias m\u00e1s intensas podr\u00edan concentrarse en el sur de Veracruz.<br><\/p>\n","protected":false},"excerpt":{"rendered":"<p>Sam Ojeda \/ NV Noticias Xalapa.- La Secretar\u00eda de Protecci\u00f3n Civil de Veracruz alert\u00f3 por la posible ca\u00edda de nieve y aguanieve en las zonas altas del Cofre de Perote y el Pico de Orizaba, debido al avance del frente fr\u00edo n\u00famero 25. El fen\u00f3meno podr\u00eda presentarse entre la noche de este lunes y las [&hellip;]<\/p>\n","protected":false},"author":8,"featured_media":85583,"comment_status":"open","ping_status":"open","sticky":false,"template":"","format":"standard","meta":{"_monsterinsights_skip_tracking":false,"_monsterinsights_sitenote_active":false,"_monsterinsights_sitenote_note":"","_monsterinsights_sitenote_category":0,"footnotes":""},"categories":[156],"tags":[11785,6597],"class_list":["post-204978","post","type-post","status-publish","format-standard","has-post-thumbnail","hentry","category-estado","tag-agua-nieve","tag-cofre-de-perote","wp-image-borders"],"amp_enabled":true,"_links":{"self":[{"href":"https:\/\/nvnoticias.mx\/index.php\/wp-json\/wp\/v2\/posts\/204978","targetHints":{"allow":["GET"]}}],"collection":[{"href":"https:\/\/nvnoticias.mx\/index.php\/wp-json\/wp\/v2\/posts"}],"about":[{"href":"https:\/\/nvnoticias.mx\/index.php\/wp-json\/wp\/v2\/types\/post"}],"author":[{"embeddable":true,"href":"https:\/\/nvnoticias.mx\/index.php\/wp-json\/wp\/v2\/users\/8"}],"replies":[{"embeddable":true,"href":"https:\/\/nvnoticias.mx\/index.php\/wp-json\/wp\/v2\/comments?post=204978"}],"version-history":[{"count":1,"href":"https:\/\/nvnoticias.mx\/index.php\/wp-json\/wp\/v2\/posts\/204978\/revisions"}],"predecessor-version":[{"id":204979,"href":"https:\/\/nvnoticias.mx\/index.php\/wp-json\/wp\/v2\/posts\/204978\/revisions\/204979"}],"wp:featuredmedia":[{"embeddable":true,"href":"https:\/\/nvnoticias.mx\/index.php\/wp-json\/wp\/v2\/media\/85583"}],"wp:attachment":[{"href":"https:\/\/nvnoticias.mx\/index.php\/wp-json\/wp\/v2\/media?parent=204978"}],"wp:term":[{"taxonomy":"category","embeddable":true,"href":"https:\/\/nvnoticias.mx\/index.php\/wp-json\/wp\/v2\/categories?post=204978"},{"taxonomy":"post_tag","embeddable":true,"href":"https:\/\/nvnoticias.mx\/index.php\/wp-json\/wp\/v2\/tags?post=204978"}],"curies":[{"name":"wp","href":"https:\/\/api.w.org\/{rel}","templated":true}]}}