{"id":204961,"date":"2025-12-29T13:02:52","date_gmt":"2025-12-29T19:02:52","guid":{"rendered":"https:\/\/nvnoticias.mx\/?p=204961"},"modified":"2025-12-29T13:02:56","modified_gmt":"2025-12-29T19:02:56","slug":"recorreran-horarios-en-escuelas-de-zonas-serranas-por-heladas","status":"publish","type":"post","link":"https:\/\/nvnoticias.mx\/index.php\/2025\/12\/29\/recorreran-horarios-en-escuelas-de-zonas-serranas-por-heladas\/","title":{"rendered":"Recorrer\u00e1n horarios en escuelas de zonas serranas por heladas"},"content":{"rendered":"\n<p><\/p>\n\n\n\n<p>Xalapa.\u2013 El horario de ingreso en escuelas del turno matutino deber\u00e1 recorrerse en planteles ubicados en la sierra de Zongolica, Huayacocotla y en las faldas del Cofre de Perote, ante las bajas temperaturas que se registran durante el mes de enero en estas regiones de Veracruz, se\u00f1al\u00f3 el secretario general de la secci\u00f3n 56 del Sindicato Nacional de Trabajadores de la Educaci\u00f3n (SNTE), Jos\u00e9 Reveriano Mar\u00edn Hern\u00e1ndez.<\/p>\n\n\n\n<p>Explic\u00f3 que este mes concentra el periodo m\u00e1s fr\u00edo de la temporada invernal, con temperaturas que incluso descienden por debajo de los cero grados en zonas altas del estado.<\/p>\n\n\n\n<p>\u201cEnero es el mes m\u00e1s fr\u00edo de la temporada, no es diciembre como a veces tenemos la idea\u201d.<\/p>\n\n\n\n<p>Indic\u00f3 que el ajuste de horarios se aplica como una medida preventiva para proteger la salud de ni\u00f1as, ni\u00f1os y j\u00f3venes que asisten a clases durante las primeras horas del d\u00eda.<\/p>\n\n\n\n<p>\u201cPensando en la salud de los ni\u00f1os y j\u00f3venes se debe recorrer el horario de entrada\u201d.<\/p>\n\n\n\n<p>Detall\u00f3 que el cambio se realiza \u00fanicamente en el turno matutino, ya que por la tarde las condiciones clim\u00e1ticas no representan un riesgo similar para la comunidad escolar.<\/p>\n\n\n\n<p>\u201cSolo se recorre el horario en el turno matutino, de ah\u00ed en la tarde no representa problema\u201d.<\/p>\n\n\n\n<p>En estos planteles, el ingreso se ajusta entre las 8:30 y las 9:00 de la ma\u00f1ana, con salidas adelantadas para permitir el ingreso del turno vespertino.<\/p>\n\n\n\n<p>\u201cSe recorre a 8:30 \u00f3 9 de la ma\u00f1ana y est\u00e1n saliendo a la 1 \u00f3 1:30 de la tarde para que entren los dem\u00e1s\u201d.<\/p>\n\n\n\n<p>El dirigente sindical se\u00f1al\u00f3 que estos ajustes se aplican de forma temporal y dependen de las condiciones clim\u00e1ticas que se presenten en cada regi\u00f3n durante la temporada invernal. <\/p>\n\n\n\n<p><\/p>\n","protected":false},"excerpt":{"rendered":"<p>Xalapa.\u2013 El horario de ingreso en escuelas del turno matutino deber\u00e1 recorrerse en planteles ubicados en la sierra de Zongolica, Huayacocotla y en las faldas del Cofre de Perote, ante las bajas temperaturas que se registran durante el mes de enero en estas regiones de Veracruz, se\u00f1al\u00f3 el secretario general de la secci\u00f3n 56 del [&hellip;]<\/p>\n","protected":false},"author":8,"featured_media":165624,"comment_status":"open","ping_status":"open","sticky":false,"template":"","format":"standard","meta":{"_monsterinsights_skip_tracking":false,"_monsterinsights_sitenote_active":false,"_monsterinsights_sitenote_note":"","_monsterinsights_sitenote_category":0,"footnotes":""},"categories":[156],"tags":[659,6598,3483],"class_list":["post-204961","post","type-post","status-publish","format-standard","has-post-thumbnail","hentry","category-estado","tag-escuelas","tag-heladas","tag-horarios","wp-image-borders"],"amp_enabled":true,"_links":{"self":[{"href":"https:\/\/nvnoticias.mx\/index.php\/wp-json\/wp\/v2\/posts\/204961","targetHints":{"allow":["GET"]}}],"collection":[{"href":"https:\/\/nvnoticias.mx\/index.php\/wp-json\/wp\/v2\/posts"}],"about":[{"href":"https:\/\/nvnoticias.mx\/index.php\/wp-json\/wp\/v2\/types\/post"}],"author":[{"embeddable":true,"href":"https:\/\/nvnoticias.mx\/index.php\/wp-json\/wp\/v2\/users\/8"}],"replies":[{"embeddable":true,"href":"https:\/\/nvnoticias.mx\/index.php\/wp-json\/wp\/v2\/comments?post=204961"}],"version-history":[{"count":1,"href":"https:\/\/nvnoticias.mx\/index.php\/wp-json\/wp\/v2\/posts\/204961\/revisions"}],"predecessor-version":[{"id":204974,"href":"https:\/\/nvnoticias.mx\/index.php\/wp-json\/wp\/v2\/posts\/204961\/revisions\/204974"}],"wp:featuredmedia":[{"embeddable":true,"href":"https:\/\/nvnoticias.mx\/index.php\/wp-json\/wp\/v2\/media\/165624"}],"wp:attachment":[{"href":"https:\/\/nvnoticias.mx\/index.php\/wp-json\/wp\/v2\/media?parent=204961"}],"wp:term":[{"taxonomy":"category","embeddable":true,"href":"https:\/\/nvnoticias.mx\/index.php\/wp-json\/wp\/v2\/categories?post=204961"},{"taxonomy":"post_tag","embeddable":true,"href":"https:\/\/nvnoticias.mx\/index.php\/wp-json\/wp\/v2\/tags?post=204961"}],"curies":[{"name":"wp","href":"https:\/\/api.w.org\/{rel}","templated":true}]}}