{"id":204933,"date":"2025-12-29T12:43:16","date_gmt":"2025-12-29T18:43:16","guid":{"rendered":"https:\/\/nvnoticias.mx\/?p=204933"},"modified":"2025-12-29T12:43:21","modified_gmt":"2025-12-29T18:43:21","slug":"norona-explota-por-criticas-de-la-oposicion-a-accidente-del-tren-interoceanico","status":"publish","type":"post","link":"https:\/\/nvnoticias.mx\/index.php\/2025\/12\/29\/norona-explota-por-criticas-de-la-oposicion-a-accidente-del-tren-interoceanico\/","title":{"rendered":"Noro\u00f1a \u2018explota\u2019 por cr\u00edticas de la oposici\u00f3n a accidente del Tren Interoce\u00e1nico"},"content":{"rendered":"\n<p>Primero\u00a0Gerardo Fern\u00e1ndez Noro\u00f1a defendi\u00f3 al hijo de AMLO por comprar bolsos de Herm\u00e8s\u00a0y ahora el senador se \u2018lanz\u00f3\u2019 contra la oposici\u00f3n por sus cr\u00edticas a la seguridad del Tren Interoce\u00e1nico.\u00a0<\/p>\n\n\n\n<p>Personajes como\u00a0\u2018Alito\u2019 Moreno pidieron detener la construcci\u00f3n de m\u00e1s rutas de trenes\u00a0despu\u00e9s de que un descarrilamiento del Tren Interoce\u00e1nico dej\u00f3 a\u00a013 personas muertas.<\/p>\n\n\n\n<p>&#8220;<strong>La manera como la derecha lucra con los accidentes es vomitivo<\/strong>. Se investigar\u00e1 y se sabr\u00e1 la verdad sobre el accidente. No habr\u00e1 impunidad, que lo oiga bien la derecha y luego no acuse persecuci\u00f3n pol\u00edtica, no habr\u00e1 impunidad&#8221;, public\u00f3 en su cuenta de X (antes Twitter).<\/p>\n\n\n\n<p>Y Noro\u00f1a lanz\u00f3 ataques individuales a personajes de la oposici\u00f3n: Critic\u00f3 a\u00a0<strong>la diputada Margarita Zavala<\/strong>, esposa del expresidente Felipe Calder\u00f3n, por retuitear una nota sobre el\u00a0balastro usado en la construcci\u00f3n del Tren Interoce\u00e1nico.<\/p>\n\n\n\n<p>Fuente: El <a href=\"https:\/\/www.elfinanciero.com.mx\/nacional\/2025\/12\/29\/norona-explota-por-criticas-de-la-oposicion-a-accidente-del-tren-interoceanico-es-vomitivo\/\">Financiero<\/a><\/p>\n","protected":false},"excerpt":{"rendered":"<p>Primero\u00a0Gerardo Fern\u00e1ndez Noro\u00f1a defendi\u00f3 al hijo de AMLO por comprar bolsos de Herm\u00e8s\u00a0y ahora el senador se \u2018lanz\u00f3\u2019 contra la oposici\u00f3n por sus cr\u00edticas a la seguridad del Tren Interoce\u00e1nico.\u00a0 Personajes como\u00a0\u2018Alito\u2019 Moreno pidieron detener la construcci\u00f3n de m\u00e1s rutas de trenes\u00a0despu\u00e9s de que un descarrilamiento del Tren Interoce\u00e1nico dej\u00f3 a\u00a013 personas muertas. &#8220;La manera [&hellip;]<\/p>\n","protected":false},"author":35,"featured_media":204934,"comment_status":"open","ping_status":"open","sticky":false,"template":"","format":"standard","meta":{"_monsterinsights_skip_tracking":false,"_monsterinsights_sitenote_active":false,"_monsterinsights_sitenote_note":"","_monsterinsights_sitenote_category":0,"footnotes":""},"categories":[158],"tags":[8970],"class_list":["post-204933","post","type-post","status-publish","format-standard","has-post-thumbnail","hentry","category-politica","tag-gerardo-fernandez-norona","wp-image-borders"],"amp_enabled":true,"_links":{"self":[{"href":"https:\/\/nvnoticias.mx\/index.php\/wp-json\/wp\/v2\/posts\/204933","targetHints":{"allow":["GET"]}}],"collection":[{"href":"https:\/\/nvnoticias.mx\/index.php\/wp-json\/wp\/v2\/posts"}],"about":[{"href":"https:\/\/nvnoticias.mx\/index.php\/wp-json\/wp\/v2\/types\/post"}],"author":[{"embeddable":true,"href":"https:\/\/nvnoticias.mx\/index.php\/wp-json\/wp\/v2\/users\/35"}],"replies":[{"embeddable":true,"href":"https:\/\/nvnoticias.mx\/index.php\/wp-json\/wp\/v2\/comments?post=204933"}],"version-history":[{"count":3,"href":"https:\/\/nvnoticias.mx\/index.php\/wp-json\/wp\/v2\/posts\/204933\/revisions"}],"predecessor-version":[{"id":204937,"href":"https:\/\/nvnoticias.mx\/index.php\/wp-json\/wp\/v2\/posts\/204933\/revisions\/204937"}],"wp:featuredmedia":[{"embeddable":true,"href":"https:\/\/nvnoticias.mx\/index.php\/wp-json\/wp\/v2\/media\/204934"}],"wp:attachment":[{"href":"https:\/\/nvnoticias.mx\/index.php\/wp-json\/wp\/v2\/media?parent=204933"}],"wp:term":[{"taxonomy":"category","embeddable":true,"href":"https:\/\/nvnoticias.mx\/index.php\/wp-json\/wp\/v2\/categories?post=204933"},{"taxonomy":"post_tag","embeddable":true,"href":"https:\/\/nvnoticias.mx\/index.php\/wp-json\/wp\/v2\/tags?post=204933"}],"curies":[{"name":"wp","href":"https:\/\/api.w.org\/{rel}","templated":true}]}}