{"id":204900,"date":"2025-12-29T12:27:01","date_gmt":"2025-12-29T18:27:01","guid":{"rendered":"https:\/\/nvnoticias.mx\/?p=204900"},"modified":"2025-12-29T12:27:06","modified_gmt":"2025-12-29T18:27:06","slug":"mueren-tres-veracruzanos-en-accidente-del-tren-interoceanico","status":"publish","type":"post","link":"https:\/\/nvnoticias.mx\/index.php\/2025\/12\/29\/mueren-tres-veracruzanos-en-accidente-del-tren-interoceanico\/","title":{"rendered":"Mueren tres veracruzanos en accidente del Tren Interoce\u00e1nico"},"content":{"rendered":"\n<p><\/p>\n\n\n\n<p><strong>Sam Ojeda \/ NV Noticias<\/strong> <\/p>\n\n\n\n<p>Xalapa.\u2013 Tres personas originarias de Veracruz fallecieron y otras tres resultaron lesionadas tras el accidente del Tren Interoce\u00e1nico ocurrido en territorio de Oaxaca, inform\u00f3 la gobernadora Roc\u00edo Nahle Garc\u00eda, quien precis\u00f3 que las v\u00edctimas mortales eran originarias de Minatitl\u00e1n.<\/p>\n\n\n\n<p>En conferencia de prensa, la mandataria estatal detall\u00f3 que los cuerpos se encuentran en una funeraria ubicada en una comunidad del municipio de El Espinal, en la regi\u00f3n de Juchit\u00e1n.<\/p>\n\n\n\n<p>Entre las personas fallecidas fueron identificadas Patricia Medina y Onoria Medina, de quienes se presume ten\u00edan parentesco, as\u00ed como Rogelio Luna.<\/p>\n\n\n\n<p>En cuanto a los lesionados, Nahle Garc\u00eda indic\u00f3 que reciben atenci\u00f3n m\u00e9dica en un hospital del IMSS-Bienestar en Ixtepec, Oaxaca. Se trata de una joven de 22 a\u00f1os originaria de Agua Dulce, una joven de 21 a\u00f1os y otra mujer de 48 a\u00f1os, ambas de Coatzacoalcos.<\/p>\n\n\n\n<p>\u201cEs lamentable y desde ayer a primera hora tras enterarnos del suceso me comuniqu\u00e9 con el gobernador Salom\u00f3n Jara; el tren interoce\u00e1nico se mueve de Salina Cruz a Coatzacoalcos, entonces es Oaxaca-Veracruz, el accidente ocurri\u00f3 en el lado de Oaxaca y es lamentable, s\u00ed hay personas lesionadas veracruzanas\u201d.<\/p>\n\n\n\n<p>La gobernadora se\u00f1al\u00f3 que, tras conocerse el siniestro, el Gobierno de Veracruz activ\u00f3 de inmediato los protocolos de atenci\u00f3n m\u00e9dica para recibir a posibles pacientes, aunque hasta el momento no ha sido necesario trasladar a personas lesionadas a hospitales del estado.<\/p>\n\n\n\n<p>\u201cLo lamentamos y todo el Gobierno del estado activamos el protocolo de salud inmediatamente para recibir si as\u00ed fuera necesario a personas para atenderlas en Acayucan, Minatitl\u00e1n, Coatzacoalcos\u201d.<\/p>\n\n\n\n<p>Indic\u00f3 que se estableci\u00f3 coordinaci\u00f3n directa entre los sistemas de salud de Oaxaca y Veracruz, particularmente con el IMSS-Bienestar, para garantizar la atenci\u00f3n de las personas heridas.<\/p>\n\n\n\n<p>\u201cHubo coordinaci\u00f3n con el IMSS-Bienestar de Oaxaca y Veracruz para poder atender a las personas; sin embargo, hasta el momento no hay traslado hacia los hospitales de Veracruz\u201d.<\/p>\n\n\n\n<p>A\u00f1adi\u00f3 que como parte del apoyo interinstitucional se enviaron insumos m\u00e9dicos a Oaxaca.<\/p>\n\n\n\n<p>\u201cHubo intercambio de material quir\u00fargico, medicamentos, material que les hac\u00eda falta y se traslad\u00f3\u201d.<\/p>\n\n\n\n<p>Nahle Garc\u00eda expres\u00f3 sus condolencias a las familias de las v\u00edctimas y reiter\u00f3 que el Gobierno de Veracruz se mantiene atento ante cualquier requerimiento adicional.<\/p>\n\n\n\n<p>\u201cLamentamos profundamente este accidente y nuestras condolencias a las familias de los deudos y estamos en atenci\u00f3n de lo que se requiera\u201d.<\/p>\n\n\n\n<p><\/p>\n","protected":false},"excerpt":{"rendered":"<p>Sam Ojeda \/ NV Noticias Xalapa.\u2013 Tres personas originarias de Veracruz fallecieron y otras tres resultaron lesionadas tras el accidente del Tren Interoce\u00e1nico ocurrido en territorio de Oaxaca, inform\u00f3 la gobernadora Roc\u00edo Nahle Garc\u00eda, quien precis\u00f3 que las v\u00edctimas mortales eran originarias de Minatitl\u00e1n. En conferencia de prensa, la mandataria estatal detall\u00f3 que los cuerpos [&hellip;]<\/p>\n","protected":false},"author":6,"featured_media":204904,"comment_status":"open","ping_status":"open","sticky":false,"template":"","format":"standard","meta":{"_monsterinsights_skip_tracking":false,"_monsterinsights_sitenote_active":false,"_monsterinsights_sitenote_note":"","_monsterinsights_sitenote_category":0,"footnotes":""},"categories":[156],"tags":[1550,646,162,25461,216],"class_list":["post-204900","post","type-post","status-publish","format-standard","has-post-thumbnail","hentry","category-estado","tag-accidente","tag-fallecidos","tag-portada","tag-tren-interoceanico","tag-veracruzanos","wp-image-borders"],"amp_enabled":true,"_links":{"self":[{"href":"https:\/\/nvnoticias.mx\/index.php\/wp-json\/wp\/v2\/posts\/204900","targetHints":{"allow":["GET"]}}],"collection":[{"href":"https:\/\/nvnoticias.mx\/index.php\/wp-json\/wp\/v2\/posts"}],"about":[{"href":"https:\/\/nvnoticias.mx\/index.php\/wp-json\/wp\/v2\/types\/post"}],"author":[{"embeddable":true,"href":"https:\/\/nvnoticias.mx\/index.php\/wp-json\/wp\/v2\/users\/6"}],"replies":[{"embeddable":true,"href":"https:\/\/nvnoticias.mx\/index.php\/wp-json\/wp\/v2\/comments?post=204900"}],"version-history":[{"count":1,"href":"https:\/\/nvnoticias.mx\/index.php\/wp-json\/wp\/v2\/posts\/204900\/revisions"}],"predecessor-version":[{"id":204907,"href":"https:\/\/nvnoticias.mx\/index.php\/wp-json\/wp\/v2\/posts\/204900\/revisions\/204907"}],"wp:featuredmedia":[{"embeddable":true,"href":"https:\/\/nvnoticias.mx\/index.php\/wp-json\/wp\/v2\/media\/204904"}],"wp:attachment":[{"href":"https:\/\/nvnoticias.mx\/index.php\/wp-json\/wp\/v2\/media?parent=204900"}],"wp:term":[{"taxonomy":"category","embeddable":true,"href":"https:\/\/nvnoticias.mx\/index.php\/wp-json\/wp\/v2\/categories?post=204900"},{"taxonomy":"post_tag","embeddable":true,"href":"https:\/\/nvnoticias.mx\/index.php\/wp-json\/wp\/v2\/tags?post=204900"}],"curies":[{"name":"wp","href":"https:\/\/api.w.org\/{rel}","templated":true}]}}