{"id":204858,"date":"2025-12-27T13:30:00","date_gmt":"2025-12-27T19:30:00","guid":{"rendered":"https:\/\/nvnoticias.mx\/?p=204858"},"modified":"2025-12-28T14:29:21","modified_gmt":"2025-12-28T20:29:21","slug":"emite-proteccion-civil-municipal-aviso-preventivo-por-lluvias-y-descenso-de-temperatura","status":"publish","type":"post","link":"https:\/\/nvnoticias.mx\/index.php\/2025\/12\/27\/emite-proteccion-civil-municipal-aviso-preventivo-por-lluvias-y-descenso-de-temperatura\/","title":{"rendered":"Emite Protecci\u00f3n Civil Municipal Aviso Preventivo por lluvias y descenso de temperatura"},"content":{"rendered":"\n<p>Xalapa, Ver.\u2013 La Direcci\u00f3n de Protecci\u00f3n Civil Municipal emiti\u00f3 un Aviso Preventivo a la poblaci\u00f3n ante el ingreso del Frente Fr\u00edo n\u00famero 25, fen\u00f3meno que ocasionar\u00e1 lluvias, rachas de viento y un descenso significativo de la temperatura en la Capital del estado durante los pr\u00f3ximos d\u00edas.<\/p>\n\n\n\n<p>De acuerdo con los pron\u00f3sticos meteorol\u00f3gicos, los efectos de este sistema comenzar\u00e1n a percibirse a partir de la noche del domingo 28 de diciembre, con mayor intensidad durante el lunes 29 y martes 30.<\/p>\n\n\n\n<p>Se prev\u00e9 incremento de nublados, lluvias de ligera a moderada intensidad, as\u00ed como rachas de viento que podr\u00edan alcanzar velocidades de entre 65 y 70 kil\u00f3metros por hora.<\/p>\n\n\n\n<p>Asimismo, se espera un descenso notable en la temperatura, con valores m\u00e1ximos estimados entre los 15 y 17 grados Celsius, y m\u00ednimas que podr\u00edan oscilar entre los 8 y 10 grados.<\/p>\n\n\n\n<p>El director de Protecci\u00f3n Civil Municipal, Enrique Fonseca Mart\u00ednez, exhort\u00f3 a la ciudadan\u00eda a extremar precauciones, mantenerse informada a trav\u00e9s de los canales oficiales y atender puntualmente las recomendaciones emitidas por la dependencia.<\/p>\n\n\n\n<p>Entre las medidas preventivas, se recomienda evitar cruzar calles o arroyos con corriente de agua, no acercarse a bardas, postes o \u00e1rboles que representen riesgo, mantener limpias las alcantarillas y proteger especialmente a ni\u00f1as, ni\u00f1os, personas adultas mayores, personas con discapacidad y mascotas.<\/p>\n\n\n\n<p>Para reportar cualquier emergencia, la ciudadan\u00eda puede comunicarse a los tel\u00e9fonos de Protecci\u00f3n Civil Municipal 228 890 07 94 y 228 840 42 20, as\u00ed como al 911, disponibles las 24 horas.<\/p>\n","protected":false},"excerpt":{"rendered":"<p>Xalapa, Ver.\u2013 La Direcci\u00f3n de Protecci\u00f3n Civil Municipal emiti\u00f3 un Aviso Preventivo a la poblaci\u00f3n ante el ingreso del Frente Fr\u00edo n\u00famero 25, fen\u00f3meno que ocasionar\u00e1 lluvias, rachas de viento y un descenso significativo de la temperatura en la Capital del estado durante los pr\u00f3ximos d\u00edas. De acuerdo con los pron\u00f3sticos meteorol\u00f3gicos, los efectos de [&hellip;]<\/p>\n","protected":false},"author":35,"featured_media":204859,"comment_status":"open","ping_status":"open","sticky":false,"template":"","format":"standard","meta":{"_monsterinsights_skip_tracking":false,"_monsterinsights_sitenote_active":false,"_monsterinsights_sitenote_note":"","_monsterinsights_sitenote_category":0,"footnotes":""},"categories":[156],"tags":[1552],"class_list":["post-204858","post","type-post","status-publish","format-standard","has-post-thumbnail","hentry","category-estado","tag-policia-municipal","wp-image-borders"],"amp_enabled":true,"_links":{"self":[{"href":"https:\/\/nvnoticias.mx\/index.php\/wp-json\/wp\/v2\/posts\/204858","targetHints":{"allow":["GET"]}}],"collection":[{"href":"https:\/\/nvnoticias.mx\/index.php\/wp-json\/wp\/v2\/posts"}],"about":[{"href":"https:\/\/nvnoticias.mx\/index.php\/wp-json\/wp\/v2\/types\/post"}],"author":[{"embeddable":true,"href":"https:\/\/nvnoticias.mx\/index.php\/wp-json\/wp\/v2\/users\/35"}],"replies":[{"embeddable":true,"href":"https:\/\/nvnoticias.mx\/index.php\/wp-json\/wp\/v2\/comments?post=204858"}],"version-history":[{"count":1,"href":"https:\/\/nvnoticias.mx\/index.php\/wp-json\/wp\/v2\/posts\/204858\/revisions"}],"predecessor-version":[{"id":204860,"href":"https:\/\/nvnoticias.mx\/index.php\/wp-json\/wp\/v2\/posts\/204858\/revisions\/204860"}],"wp:featuredmedia":[{"embeddable":true,"href":"https:\/\/nvnoticias.mx\/index.php\/wp-json\/wp\/v2\/media\/204859"}],"wp:attachment":[{"href":"https:\/\/nvnoticias.mx\/index.php\/wp-json\/wp\/v2\/media?parent=204858"}],"wp:term":[{"taxonomy":"category","embeddable":true,"href":"https:\/\/nvnoticias.mx\/index.php\/wp-json\/wp\/v2\/categories?post=204858"},{"taxonomy":"post_tag","embeddable":true,"href":"https:\/\/nvnoticias.mx\/index.php\/wp-json\/wp\/v2\/tags?post=204858"}],"curies":[{"name":"wp","href":"https:\/\/api.w.org\/{rel}","templated":true}]}}